{"id":1164028,"date":"2026-09-03T00:40:27","date_gmt":"2026-09-03T00:40:27","guid":{"rendered":"https:\/\/www.europesays.com\/fr\/1164028\/"},"modified":"2026-09-03T00:40:27","modified_gmt":"2026-09-03T00:40:27","slug":"canicules-a-repetition-avec-ses-41-cedres-geants-de-latlas-ce-parc-est-un-havre-de-fraicheur-pour-les-habitants-comme-pour-la-biodiversite-au-sud-de-toulouse","status":"publish","type":"post","link":"https:\/\/www.europesays.com\/fr\/1164028\/","title":{"rendered":"Canicules \u00e0 r\u00e9p\u00e9tition : avec ses 41 c\u00e8dres g\u00e9ants de l&rsquo;Atlas, ce parc est un havre de fra\u00eecheur pour les habitants comme pour la biodiversit\u00e9, au sud de Toulouse"},"content":{"rendered":"<p>\n                                                                    l&rsquo;essentiel<br \/>\n                                                                \u00c0 Lagardelle-sur-L\u00e8ze, au sud de Toulouse, le parc du Vignaou attire les visiteurs gr\u00e2ce \u00e0 ses 41 c\u00e8dres de l&rsquo;Atlas, labellis\u00e9s \u00ab\u00a0Arbres remarquables de France\u00a0\u00bb. Ces g\u00e9ants, v\u00e9ritables \u00e9cosyst\u00e8mes, abritent jusqu&rsquo;\u00e0 2 000 animaux de 200 esp\u00e8ces. En p\u00e9riode de canicule, ils offrent un refuge ombrag\u00e9 et frais tr\u00e8s pris\u00e9 : la population s&rsquo;y rend pour profiter de l&rsquo;air plus frais, du bruit du vent dans les feuilles, et des chants des oiseaux.\n                            <\/p>\n<p>\u00c0 Lagardelle-sur-L\u00e8ze, au sud de Toulouse, un parc attire habitants et visiteurs en qu\u00eate de calme, d\u2019ombre et de fra\u00eecheur. V\u00e9ritable \u00e9crin de verdure au c\u0153ur de la commune, le parc du Vignaou est particuli\u00e8rement appr\u00e9ci\u00e9 lorsque les temp\u00e9ratures grimpent et que les \u00e9pisodes de canicule s\u2019installent.<\/p>\n<p>Le site doit notamment sa renomm\u00e9e \u00e0 ses 41 c\u00e8dres de l\u2019Atlas, distingu\u00e9s par le label \u00ab\u00a0Arbres remarquables de France\u00a0\u00bb. Cette reconnaissance met en valeur leur caract\u00e8re exceptionnel ainsi que leur importance patrimoniale. Imposants par leur taille et l\u2019envergure de leurs branches, ces arbres offrent de vastes zones ombrag\u00e9es tr\u00e8s recherch\u00e9es durant l\u2019\u00e9t\u00e9.<\/p>\n<p>Les c\u00e8dres impressionnent \u00e9galement par leur d\u00e9veloppement spectaculaire. Dans cet espace bois\u00e9, chaque arbre se livre \u00e0 une v\u00e9ritable comp\u00e9tition naturelle pour conqu\u00e9rir son espace et acc\u00e9der \u00e0 la lumi\u00e8re. \u00c0 la cime, les plus vigoureux d\u00e9ploient leur feuillage et captent pleinement les rayons du soleil, favorisant ainsi leur croissance.<\/p>\n<p>Dans chaque arbre, jusqu&rsquo;\u00e0 2 000 animaux de 200 esp\u00e8ces diff\u00e9rentes<\/p>\n<p>Au-del\u00e0 de leur beaut\u00e9, ces g\u00e9ants jouent un r\u00f4le essentiel pour la biodiversit\u00e9. Un arbre pouvant atteindre 50 m\u00e8tres de hauteur est susceptible d\u2019abriter jusqu\u2019\u00e0 2 000 animaux appartenant \u00e0 pr\u00e8s de 200 esp\u00e8ces diff\u00e9rentes. Insectes, oiseaux, petits mammif\u00e8res et autres organismes y trouvent refuge, nourriture et lieux de reproduction, faisant de ces arbres de v\u00e9ritables \u00e9cosyst\u00e8mes \u00e0 eux seuls.<\/p>\n<p>M\u00eame apr\u00e8s leur mort, les arbres continuent de jouer un r\u00f4le fondamental dans la nature. Le bois mort offre encore le g\u00eete et le couvert \u00e0 de nombreuses esp\u00e8ces. Insectes, oiseaux, chauves-souris, champignons, mousses et micro-organismes y trouvent un habitat pr\u00e9cieux. Loin d\u2019\u00eatre inutile, un arbre mort demeure ainsi un v\u00e9ritable r\u00e9servoir de biodiversit\u00e9 et participe \u00e0 l\u2019\u00e9quilibre de l\u2019\u00e9cosyst\u00e8me.<\/p>\n<p>Un refuge pr\u00e9cieux pour se mettre \u00e0 l&rsquo;abri de la chaleur<\/p>\n<p>Sous les branches des c\u00e8dres, la temp\u00e9rature para\u00eet imm\u00e9diatement plus agr\u00e9able. Les all\u00e9es ombrag\u00e9es permettent aux promeneurs de profiter d\u2019un moment de d\u00e9tente loin de la chaleur \u00e9touffante. Entre le bruissement des feuilles, le chant des oiseaux et l\u2019air plus frais qui circule sous les arbres, le parc devient un refuge naturel appr\u00e9ci\u00e9 de tous.<\/p>\n<p>Les bancs install\u00e9s \u00e0 l\u2019ombre invitent \u00e0 faire une pause, lire un livre ou simplement profiter du calme. Les familles viennent \u00e9galement y chercher un peu de fra\u00eecheur avec les enfants, notamment aux heures les plus chaudes de la journ\u00e9e.<\/p>\n<p>\u00ab\u00a0Ici on respire mieux\u00a0\u00bb<\/p>\n<p>\u00ab\u00a0Ici, on respire mieux quand il fait tr\u00e8s chaud\u00a0\u00bb, confie une habitante venue se promener sous la protection des c\u00e8dres.<\/p>\n<p>Le week-end, le parc devient un v\u00e9ritable lieu de vie o\u00f9 habitants et visiteurs se retrouvent pour marcher, pique-niquer ou pratiquer une activit\u00e9 sportive dans un cadre plus temp\u00e9r\u00e9 que les espaces fortement expos\u00e9s au soleil.<\/p>\n<p>Dans un contexte o\u00f9 les \u00e9pisodes de chaleur deviennent plus fr\u00e9quents, ce parc appara\u00eet comme un refuge pr\u00e9cieux. Entre patrimoine naturel, biodiversit\u00e9 remarquable et \u00eelots de fra\u00eecheur, il offre un cadre id\u00e9al pour ralentir le rythme, respirer et se ressourcer \u00e0 l\u2019ombre de ses majestueux c\u00e8dres de l\u2019Atlas.<\/p>\n","protected":false},"excerpt":{"rendered":"l&rsquo;essentiel \u00c0 Lagardelle-sur-L\u00e8ze, au sud de Toulouse, le parc du Vignaou attire les visiteurs gr\u00e2ce \u00e0 ses 41&hellip;\n","protected":false},"author":2,"featured_media":1164029,"comment_status":"","ping_status":"","sticky":false,"template":"","format":"standard","meta":{"footnotes":"","_share_on_mastodon":"0"},"categories":[2816],"tags":[1111,11,100423,1777,674,1011,27,2722,119906,2487,12,2680,25,2312],"class_list":["post-1164028","post","type-post","status-publish","format-standard","has-post-thumbnail","category-toulouse","tag-actu","tag-actualites","tag-canicule-et-fortes-chaleurs","tag-eu","tag-europe","tag-fr","tag-france","tag-haute-garonne","tag-lagardellesurleze","tag-meteo","tag-news","tag-occitanie","tag-republique-francaise","tag-toulouse"],"share_on_mastodon":{"url":"https:\/\/pubeurope.com\/@fr\/117204328485388495","error":""},"_links":{"self":[{"href":"https:\/\/www.europesays.com\/fr\/wp-json\/wp\/v2\/posts\/1164028","targetHints":{"allow":["GET"]}}],"collection":[{"href":"https:\/\/www.europesays.com\/fr\/wp-json\/wp\/v2\/posts"}],"about":[{"href":"https:\/\/www.europesays.com\/fr\/wp-json\/wp\/v2\/types\/post"}],"author":[{"embeddable":true,"href":"https:\/\/www.europesays.com\/fr\/wp-json\/wp\/v2\/users\/2"}],"replies":[{"embeddable":true,"href":"https:\/\/www.europesays.com\/fr\/wp-json\/wp\/v2\/comments?post=1164028"}],"version-history":[{"count":0,"href":"https:\/\/www.europesays.com\/fr\/wp-json\/wp\/v2\/posts\/1164028\/revisions"}],"wp:featuredmedia":[{"embeddable":true,"href":"https:\/\/www.europesays.com\/fr\/wp-json\/wp\/v2\/media\/1164029"}],"wp:attachment":[{"href":"https:\/\/www.europesays.com\/fr\/wp-json\/wp\/v2\/media?parent=1164028"}],"wp:term":[{"taxonomy":"category","embeddable":true,"href":"https:\/\/www.europesays.com\/fr\/wp-json\/wp\/v2\/categories?post=1164028"},{"taxonomy":"post_tag","embeddable":true,"href":"https:\/\/www.europesays.com\/fr\/wp-json\/wp\/v2\/tags?post=1164028"}],"curies":[{"name":"wp","href":"https:\/\/api.w.org\/{rel}","templated":true}]}}