{"id":1164032,"date":"2026-09-03T00:44:16","date_gmt":"2026-09-03T00:44:16","guid":{"rendered":"https:\/\/www.europesays.com\/fr\/1164032\/"},"modified":"2026-09-03T00:44:16","modified_gmt":"2026-09-03T00:44:16","slug":"ter-patrimoine-2026-redecouvrez-les-hauts-de-france-a-2e-laller-retour","status":"publish","type":"post","link":"https:\/\/www.europesays.com\/fr\/1164032\/","title":{"rendered":"TER Patrimoine 2026 : (Re)d\u00e9couvrez les Hauts-de-France \u00e0 2\u20ac l&rsquo;aller-retour"},"content":{"rendered":"<p>\u00c0 l&rsquo;occasion de la 43e \u00e9dition des Journ\u00e9es Europ\u00e9ennes du Patrimoine, les 19 et 20 septembre 2026, la R\u00e9gion Hauts-de-France et la SNCF proposent un tarif exceptionnel pour voyager en TER : 2\u20ac l&rsquo;aller-retour partout dans la r\u00e9gion, pendant tout le week-end !\n<\/p>\n<p>Ch\u00e2teaux, mus\u00e9es, beffrois, sites industriels, cath\u00e9drales, mais aussi <a href=\"https:\/\/www.hautsdefrance.fr\/jep-2026\/\" rel=\"nofollow noopener\" target=\"_blank\">le Si\u00e8ge de R\u00e9gion \u00e0 Lille et l&rsquo;H\u00f4tel de R\u00e9gion \u00e0 Amiens<\/a> : les tr\u00e9sors du patrimoine r\u00e9gional vous ouvrent grand leurs portes. Profitez de cette belle occasion pour vous \u00e9vader et d\u00e9couvrir (ou red\u00e9couvrir) les joyaux culturels de proximit\u00e9 !<\/p>\n<p>TER Patrimoine : un acc\u00e8s facilit\u00e9 \u00e0 tout le territoire<\/p>\n<p>L&rsquo;offre \u00ab\u00a0TER Patrimoine\u00a0\u00bb couvre l&rsquo;ensemble du r\u00e9seau ferroviaire des Hauts-de-France, hors Paris. Une mani\u00e8re simple, \u00e9conomique et durable de sillonner la r\u00e9gion et d&rsquo;explorer les sites patrimoniaux, r\u00e9partis sur tout le territoire.<\/p>\n<p>Mise en vente des billets <strong>le 8 septembre\u00a0<\/strong><\/p>\n<p>6 000 billets TER seront mis en vente pour chacune des deux journ\u00e9es \u00e0 partir du 8 septembre sur le <a href=\"https:\/\/www.ter.sncf.com\/hauts-de-france\/bons-plans\/journees-du-patrimoine\" target=\"_blank\" rel=\"noopener nofollow\">site TER<\/a>, aux guichets et sur les distributeurs de billets r\u00e9gionaux (Pour les billets achet\u00e9s en ligne ou aux distributeurs, nous vous invitons \u00e0 consulter les horaires en ligne pour connaitre le d\u00e9tail des circulations sur votre trajet)\u00a0et en agences en ligne.<\/p>\n<p>L&rsquo;offre TER Patrimoine \u00e0 2 euros l&rsquo;aller-retour est valable sur l&rsquo;ensemble des lignes TER de la r\u00e9gion Hauts-de-France. Attention : cette offre est accessible dans la limite des places disponibles (billet non \u00e9changeable et non remboursable), et non cumulable avec toute autre promotion en cours, code avantage ou tarif r\u00e9duit SNCF.<\/p>\n<p>Les billets valables seront exclusivement r\u00e9serv\u00e9s pour des voyages effectu\u00e9s les 19 et 20 septembre 2026.<\/p>\n<p>De multiples destinations s&rsquo;offrent \u00e0 vous !<\/p>\n<p>Les billets sont ouverts \u00e0 l&rsquo;ensemble du territoire.<\/p>\n<p>Allier mobilit\u00e9 douce et patrimoine vivant, c&rsquo;est possible avec TER Patrimoine. Un week-end \u00e0 petit prix pour explorer les Hauts-de-France autrement\u2026 et en prendre plein les yeux !<\/p>\n","protected":false},"excerpt":{"rendered":"\u00c0 l&rsquo;occasion de la 43e \u00e9dition des Journ\u00e9es Europ\u00e9ennes du Patrimoine, les 19 et 20 septembre 2026, la&hellip;\n","protected":false},"author":2,"featured_media":1164033,"comment_status":"","ping_status":"","sticky":false,"template":"","format":"standard","meta":{"footnotes":"","_share_on_mastodon":"0"},"categories":[2815],"tags":[1111,11,1777,674,1011,27,811,1307,12,25,11280,602,2803],"class_list":["post-1164032","post","type-post","status-publish","format-standard","has-post-thumbnail","category-lille","tag-actu","tag-actualites","tag-eu","tag-europe","tag-fr","tag-france","tag-hauts-de-france","tag-lille","tag-news","tag-republique-francaise","tag-territoire","tag-tourisme","tag-transport"],"share_on_mastodon":{"url":"https:\/\/pubeurope.com\/@fr\/117204344473537972","error":""},"_links":{"self":[{"href":"https:\/\/www.europesays.com\/fr\/wp-json\/wp\/v2\/posts\/1164032","targetHints":{"allow":["GET"]}}],"collection":[{"href":"https:\/\/www.europesays.com\/fr\/wp-json\/wp\/v2\/posts"}],"about":[{"href":"https:\/\/www.europesays.com\/fr\/wp-json\/wp\/v2\/types\/post"}],"author":[{"embeddable":true,"href":"https:\/\/www.europesays.com\/fr\/wp-json\/wp\/v2\/users\/2"}],"replies":[{"embeddable":true,"href":"https:\/\/www.europesays.com\/fr\/wp-json\/wp\/v2\/comments?post=1164032"}],"version-history":[{"count":0,"href":"https:\/\/www.europesays.com\/fr\/wp-json\/wp\/v2\/posts\/1164032\/revisions"}],"wp:featuredmedia":[{"embeddable":true,"href":"https:\/\/www.europesays.com\/fr\/wp-json\/wp\/v2\/media\/1164033"}],"wp:attachment":[{"href":"https:\/\/www.europesays.com\/fr\/wp-json\/wp\/v2\/media?parent=1164032"}],"wp:term":[{"taxonomy":"category","embeddable":true,"href":"https:\/\/www.europesays.com\/fr\/wp-json\/wp\/v2\/categories?post=1164032"},{"taxonomy":"post_tag","embeddable":true,"href":"https:\/\/www.europesays.com\/fr\/wp-json\/wp\/v2\/tags?post=1164032"}],"curies":[{"name":"wp","href":"https:\/\/api.w.org\/{rel}","templated":true}]}}