{"id":1164050,"date":"2026-09-03T00:57:31","date_gmt":"2026-09-03T00:57:31","guid":{"rendered":"https:\/\/www.europesays.com\/fr\/1164050\/"},"modified":"2026-09-03T00:57:31","modified_gmt":"2026-09-03T00:57:31","slug":"a-la-femis-une-nouvelle-generation-de-femmes-fabrique-le-cinema-francais-en-dehors-du-cadre","status":"publish","type":"post","link":"https:\/\/www.europesays.com\/fr\/1164050\/","title":{"rendered":"\u00c0 la F\u00e9mis, une nouvelle g\u00e9n\u00e9ration de femmes fabrique le cin\u00e9ma fran\u00e7ais en dehors du cadre"},"content":{"rendered":"<p>Le projet est n\u00e9 d\u2019une frustration et d\u2019un constat. \u201cJ\u2019ai cr\u00e9\u00e9 Medea l\u2019ann\u00e9e derni\u00e8re, suite \u00e0 pas mal de r\u00e9flexions sur le d\u00e9veloppement documentaire. J\u2019avais des discussions avec des productrices et des r\u00e9alisatrices qui passaient des ann\u00e9es en d\u00e9veloppement sur des projets qui ne voyaient jamais le jour. Quand tu regardes les statistiques, c\u2019est assez frappant de voir \u00e0 quel point on est vraiment minoritaires. Que ce soit en fiction, en documentaire, partout, en fait.\u201d, explique Hannah. Avec Medea, sa volont\u00e9 est simple : donner plus de place aux femmes \u00e0 l\u2019\u00e9cran. L\u2019id\u00e9e n\u2019est donc pas de cr\u00e9er un \u00e9ni\u00e8me <a href=\"https:\/\/www.vogue.fr\/dossier\/festival\" isautogenerated=\"true\" rel=\"nofollow noopener\" target=\"_blank\">festival<\/a>, mais de fabriquer ce qui manque souvent \u00e0 ces \u0153uvres une fois qu\u2019elles existent : des rencontres, des r\u00e9seaux et des occasions de circulation.<\/p>\n<p>Tout commence par une simple story sur <a href=\"https:\/\/www.vogue.fr\/dossier\/instagram\" isautogenerated=\"true\" rel=\"nofollow noopener\" target=\"_blank\">Instagram<\/a> pour un appel \u00e0 candidature suite \u00e0 laquelle Hannah re\u00e7oit plus d&rsquo;une centaine de profils tr\u00e8s diff\u00e9rents issus du cin\u00e9ma, mais aussi de la <a href=\"https:\/\/www.vogue.fr\/dossier\/mode\" isautogenerated=\"true\" rel=\"nofollow noopener\" target=\"_blank\">mode<\/a>, de l&rsquo;<a href=\"https:\/\/www.vogue.fr\/dossier\/art\" isautogenerated=\"true\" rel=\"nofollow noopener\" target=\"_blank\">art<\/a>, du graphisme\u2026 \u201cOn sentait qu&rsquo;il y avait une urgence de cr\u00e9er et une libert\u00e9 de faire.\u201d Pendant six mois, Hannah et son \u00e9quipe se r\u00e9unissent pour regarder les courts-m\u00e9trages et faire leur s\u00e9lection : \u201cPour notre premi\u00e8re \u00e9dition, il fallait que la ligne \u00e9ditoriale soit tr\u00e8s claire.\u201d Finalement, en juin dernier, cinq r\u00e9alisatrices ont pu pr\u00e9senter leurs films devant un parterre de professionnels du secteur &#8211; producteurs, programmateurs, distributeurs, journalistes &#8211; avec l\u2019ambition de faire entrer ces \u0153uvres, symboles du cin\u00e9ma ind\u00e9pendant, dans des circuits professionnels dont elles restent encore largement absentes.<\/p>\n<p><img decoding=\"async\" alt=\"Sibyl ralis par la ralisatrice Justine Triet\" loading=\"lazy\" class=\"ResponsiveImageContainer-dkeESL cQPiWi responsive-image__image\"   src=\"https:\/\/www.europesays.com\/fr\/wp-content\/uploads\/2026\/09\/sibyl.jpeg\"\/><\/p>\n<p>Sibyl, r\u00e9alis\u00e9 par la r\u00e9alisatrice Justine Triet<\/p>\n<p>\u00a9 Everett CollectionDe Varda \u00e0 la nouvelle garde : la libert\u00e9 de regard en h\u00e9ritage<\/p>\n<p>Difficile de ne pas penser \u00e0 <a href=\"https:\/\/www.vogue.fr\/dossier\/agnes-varda\" isautogenerated=\"true\" rel=\"nofollow noopener\" target=\"_blank\"><strong>Agn\u00e8s Varda<\/strong><\/a> lorsqu\u2019il est question de cin\u00e9ma fabriqu\u00e9 hors cadres. Sa fille, <strong>Rosalie Varda<\/strong>, marraine de cette premi\u00e8re \u00e9dition, inscrit d\u2019ailleurs Medea dans cette filiation d\u2019un cin\u00e9ma libre, capable d\u2019inventer ses propres moyens de production. La r\u00e9f\u00e9rence n\u2019est pas qu\u2019historique : elle rappelle qu\u2019un film ind\u00e9pendant peut aussi \u00eatre un film qui invente sa propre \u00e9conomie, son propre langage et, surtout, sa propre mani\u00e8re d\u2019exister. Cette libert\u00e9 fait \u00e9cho \u00e0 une g\u00e9n\u00e9ration de r\u00e9alisatrices fran\u00e7aises d\u00e9sormais mieux identifi\u00e9es, d\u2019<strong>Alice Diop<\/strong> \u00e0 <strong>Justine Triet<\/strong>, qui ont contribu\u00e9 \u00e0 d\u00e9placer les fronti\u00e8res entre cin\u00e9ma d\u2019auteur, documentaire et production ind\u00e9pendante. Mais derri\u00e8re ces noms devenus incontournables se dessine une constellation plus confidentielle de cin\u00e9astes, encore \u00e0 d\u00e9couvrir, qui travaillent depuis d\u2019autres territoires et avec d\u2019autres moyens.<\/p>\n<p>Moins dans l\u2019id\u00e9e d\u2019un \u201ccin\u00e9ma de femmes\u201d, ces r\u00e9alisatrices ne demandent pas n\u00e9cessairement la permission d\u2019entrer dans le syst\u00e8me, comme le confie Hannah, bien au contraire. Elles tournent, montent, produisent puis cherchent les endroits o\u00f9 leurs films pourront \u00eatre vus : \u201con veut cesser ce tabou autour de l\u2019autoproduction documentaire, montrer que ces films comptent\u201d, conclut-t-elle dans un sourire. Pour la suite, Medea s\u2019appr\u00eate \u00e0 lancer sa deuxi\u00e8me saison \u00e0 travers un appel \u00e0 projets destin\u00e9 aux r\u00e9alisatrices de tous les pays europ\u00e9ens. Le message est lanc\u00e9.<\/p>\n","protected":false},"excerpt":{"rendered":"Le projet est n\u00e9 d\u2019une frustration et d\u2019un constat. \u201cJ\u2019ai cr\u00e9\u00e9 Medea l\u2019ann\u00e9e derni\u00e8re, suite \u00e0 pas mal&hellip;\n","protected":false},"author":2,"featured_media":1164051,"comment_status":"","ping_status":"","sticky":false,"template":"","format":"standard","meta":{"footnotes":"","_share_on_mastodon":"0"},"categories":[1888],"tags":[11,650,1777,674,6757,1011,27,12,626,25,104],"class_list":["post-1164050","post","type-post","status-publish","format-standard","has-post-thumbnail","category-paris","tag-actualites","tag-cinema","tag-eu","tag-europe","tag-feminisme","tag-fr","tag-france","tag-news","tag-paris","tag-republique-francaise","tag-societe"],"share_on_mastodon":{"url":"https:\/\/pubeurope.com\/@fr\/117204396927045607","error":""},"_links":{"self":[{"href":"https:\/\/www.europesays.com\/fr\/wp-json\/wp\/v2\/posts\/1164050","targetHints":{"allow":["GET"]}}],"collection":[{"href":"https:\/\/www.europesays.com\/fr\/wp-json\/wp\/v2\/posts"}],"about":[{"href":"https:\/\/www.europesays.com\/fr\/wp-json\/wp\/v2\/types\/post"}],"author":[{"embeddable":true,"href":"https:\/\/www.europesays.com\/fr\/wp-json\/wp\/v2\/users\/2"}],"replies":[{"embeddable":true,"href":"https:\/\/www.europesays.com\/fr\/wp-json\/wp\/v2\/comments?post=1164050"}],"version-history":[{"count":0,"href":"https:\/\/www.europesays.com\/fr\/wp-json\/wp\/v2\/posts\/1164050\/revisions"}],"wp:featuredmedia":[{"embeddable":true,"href":"https:\/\/www.europesays.com\/fr\/wp-json\/wp\/v2\/media\/1164051"}],"wp:attachment":[{"href":"https:\/\/www.europesays.com\/fr\/wp-json\/wp\/v2\/media?parent=1164050"}],"wp:term":[{"taxonomy":"category","embeddable":true,"href":"https:\/\/www.europesays.com\/fr\/wp-json\/wp\/v2\/categories?post=1164050"},{"taxonomy":"post_tag","embeddable":true,"href":"https:\/\/www.europesays.com\/fr\/wp-json\/wp\/v2\/tags?post=1164050"}],"curies":[{"name":"wp","href":"https:\/\/api.w.org\/{rel}","templated":true}]}}