{"id":1164061,"date":"2026-09-03T01:07:30","date_gmt":"2026-09-03T01:07:30","guid":{"rendered":"https:\/\/www.europesays.com\/fr\/1164061\/"},"modified":"2026-09-03T01:07:30","modified_gmt":"2026-09-03T01:07:30","slug":"le-bayern-ne-tremble-pas-olise-encore-decisif-coupe-dallemagne-32es-osnabruck-bayern-munich-1-4","status":"publish","type":"post","link":"https:\/\/www.europesays.com\/fr\/1164061\/","title":{"rendered":"Le Bayern ne tremble pas, Olise encore d\u00e9cisif &#8211; Coupe d&rsquo;Allemagne &#8211; 32es &#8211; Osnabr\u00fcck-Bayern Munich (1-4)"},"content":{"rendered":"<p>\t\t\t\u00a0<img decoding=\"async\" loading=\"lazy\" class=\"blason blason-grand\" src=\"https:\/\/www.europesays.com\/fr\/wp-content\/uploads\/2026\/09\/osnabruck.jpg\"\/> Osnabr\u00fcck 1-4 Bayern Munich <img decoding=\"async\" loading=\"lazy\" class=\"blason blason-grand\" src=\"https:\/\/www.europesays.com\/fr\/wp-content\/uploads\/2026\/09\/bayern-munich-feminines.jpg\"\/><\/p>\n<p>Buts : Mei\u00dfner (5e) pour les Violet et Blanc \/\/ Kane (18e, 86e SP), Bischof (24e), Olise (73e) pour les Bavarois<\/p>\n<p>La logique a \u00e9t\u00e9 respect\u00e9e. En 32es de finale de Coupe d\u2019Allemagne, le Bayern n\u2019a fait qu\u2019une bouch\u00e9e du VfL 1899 Osnabr\u00fcck (1-4). Le pensionnaire de deuxi\u00e8me division locale avait pourtant ouvert le score d\u2019une superbe reprise de vol\u00e9e de 20 m\u00e8tres de la part de\u00a0Robin Mei\u00dfner <strong>(1-0, 5e)<\/strong>.<\/p>\n<p><a target=\"_blank\" href=\"https:\/\/t.co\/4aKX3vuX6w\" data-type=\"embed\" data-code=\"PGJsb2NrcXVvdGUgY2xhc3M9InR3aXR0ZXItdHdlZXQiPjxwIGxhbmc9ImZyIiBkaXI9Imx0ciI+TGUgYnV0IGV4dHJhb3JkaW5haXJlIGRlIFJvYmluIE1laXNzbmVyIGZhY2UgYXUgQmF5ZXJuIE11bmljaCAhISE8YnI+PGJyPkxlIG1hdGNoIGVuIGRpcmVjdCAmZ3Q7IDxhIGhyZWY9Imh0dHBzOi8vdC5jby80YUtYM3Z1WDZ3Ij5odHRwczovL3QuY28vNGFLWDN2dVg2dzwvYT48YSBocmVmPSJodHRwczovL3guY29tL2hhc2h0YWcvbGVxdWlwZUZPT1Q\/c3JjPWhhc2gmYW1wO3JlZl9zcmM9dHdzcmMlNUV0ZnciPiNsZXF1aXBlRk9PVDwvYT4gPGEgaHJlZj0iaHR0cHM6Ly90LmNvL0RYZWhNWk1Ea0QiPnBpYy50d2l0dGVyLmNvbS9EWGVoTVpNRGtEPC9hPjwvcD4mbWRhc2g7IGxhIGNoYWluZSBMJiMzOTvDiXF1aXBlIChAbGFjaGFpbmVsZXF1aXBlKSA8YSBocmVmPSJodHRwczovL3guY29tL2xhY2hhaW5lbGVxdWlwZS9zdGF0dXMvMjA5NTIyNDcxNDE4ODc3OTcyND9yZWZfc3JjPXR3c3JjJTVFdGZ3Ij5TZXB0ZW1iZXIgMiwgMjAyNjwvYT48L2Jsb2NrcXVvdGU+IDxzY3JpcHQgYXN5bmMgc3JjPSJodHRwczovL3BsYXRmb3JtLnguY29tL3dpZGdldHMuanMiIGNoYXJzZXQ9InV0Zi04Ij48L3NjcmlwdD4g\" rel=\"nofollow\">Embed t.co<\/a><\/p>\n<p>Elle n\u2019a pas suffi \u00e0 mettre le doute dans la t\u00eate des Bavarois et surtout pas dans celle de Harry Kane, auteur d\u2019un doubl\u00e9. L\u2019avant-centre anglais a d\u2019abord \u00e9galis\u00e9 sur un encha\u00eenement de grande classe <strong>(1-1, 18e)<\/strong> avant de planter le quatri\u00e8me et dernier clou du cercueil sur penalty <strong>(1-4, 86e)<\/strong>. Entre-temps, le Bayern avait fait le break gr\u00e2ce Tom Bischof <strong>(1-2, 24e)<\/strong> et Michael Olise, d\u2019un subtil ballon piqu\u00e9 <strong>(1-3, 73e)<\/strong>.<\/p>\n<p>L\u2019ogre n\u2019a pas eu de peine pour le petit Poucet.<\/p>\n<p>\t\t\t\t\t\t\t\t\t\t<a class=\"lien-connexe\" href=\"https:\/\/www.sofoot.com\/articles\/michael-cuisance-je-ne-suis-pas-sur-que-pep-guardiola-sache-encore-qui-je-suis\" rel=\"nofollow noopener\" target=\"_blank\">Micha\u00ebl Cuisance\u202f: \u00ab\u202fJe ne suis pas s\u00fbr que Pep Guardiola sache encore qui je suis\u202f\u00bb<\/a>\t\t\t\t\t <\/p>\n<p>\t\t\t\t\t\t\tCommentaires<br \/>\n\t\t\t\t\t\t\t\tLes membres ont post\u00e9<br \/>\n\t\t\t\t\t\t\t\t7 commentaires<br \/>\n\t\t\t\t\t\t\t\tsur cet article.<br \/>\n\t\t\t\t\t\t\t\tParticipez \u00e0 la discussion<br \/>\n\t\t\t\t\t\t\t\t\t<a href=\"http:\/\/www.sofoot.com\/compte?back=https:\/\/www.sofoot.com\/breves\/coupe-dallemagne-grace-a-michael-olise-le-bayern-ne-tremble-pas-contre-osnabruck\" rel=\"nofollow noopener\" target=\"_blank\"><br \/>\n\t\t\t\t\t\t\t\t\t\t<b>en vous connectant<\/b><br \/>\n\t\t\t\t\t\t\t\t\t<\/a>.<\/p>\n<p>\t\t\t\t\t\t\t\tVoir les<br \/>\n\t\t\t\t\t\t\t\t\t\t\t\t\t\t\t\t\t7<br \/>\n\t\t\t\t\t\t\t\t\t\t\t\t\t\t\t\tcommentaires<\/p>\n","protected":false},"excerpt":{"rendered":"\u00a0 Osnabr\u00fcck 1-4 Bayern Munich Buts : Mei\u00dfner (5e) pour les Violet et Blanc \/\/ Kane (18e, 86e&hellip;\n","protected":false},"author":2,"featured_media":1164062,"comment_status":"","ping_status":"","sticky":false,"template":"","format":"standard","meta":{"footnotes":"","_share_on_mastodon":"0"},"categories":[1587],"tags":[47,11,61,672,69,1804,65,1805,1803,64,1777,674,63,1801,68,66,12,62,70,1802,67],"class_list":["post-1164061","post","type-post","status-publish","format-standard","has-post-thumbnail","category-allemagne","tag-actualite","tag-actualites","tag-actus-football","tag-allemagne","tag-bundesliga","tag-bundesrepublik-deutschland","tag-championnats-europeens","tag-de","tag-deutschland","tag-equipe-de-france","tag-eu","tag-europe","tag-football","tag-germany","tag-ligua","tag-ligue-1","tag-news","tag-news-foot","tag-premier-league","tag-republique-federale-dallemagne","tag-serie-a"],"share_on_mastodon":{"url":"https:\/\/pubeurope.com\/@fr\/117204437118678169","error":""},"_links":{"self":[{"href":"https:\/\/www.europesays.com\/fr\/wp-json\/wp\/v2\/posts\/1164061","targetHints":{"allow":["GET"]}}],"collection":[{"href":"https:\/\/www.europesays.com\/fr\/wp-json\/wp\/v2\/posts"}],"about":[{"href":"https:\/\/www.europesays.com\/fr\/wp-json\/wp\/v2\/types\/post"}],"author":[{"embeddable":true,"href":"https:\/\/www.europesays.com\/fr\/wp-json\/wp\/v2\/users\/2"}],"replies":[{"embeddable":true,"href":"https:\/\/www.europesays.com\/fr\/wp-json\/wp\/v2\/comments?post=1164061"}],"version-history":[{"count":0,"href":"https:\/\/www.europesays.com\/fr\/wp-json\/wp\/v2\/posts\/1164061\/revisions"}],"wp:featuredmedia":[{"embeddable":true,"href":"https:\/\/www.europesays.com\/fr\/wp-json\/wp\/v2\/media\/1164062"}],"wp:attachment":[{"href":"https:\/\/www.europesays.com\/fr\/wp-json\/wp\/v2\/media?parent=1164061"}],"wp:term":[{"taxonomy":"category","embeddable":true,"href":"https:\/\/www.europesays.com\/fr\/wp-json\/wp\/v2\/categories?post=1164061"},{"taxonomy":"post_tag","embeddable":true,"href":"https:\/\/www.europesays.com\/fr\/wp-json\/wp\/v2\/tags?post=1164061"}],"curies":[{"name":"wp","href":"https:\/\/api.w.org\/{rel}","templated":true}]}}