{"id":1164077,"date":"2026-09-03T01:24:19","date_gmt":"2026-09-03T01:24:19","guid":{"rendered":"https:\/\/www.europesays.com\/fr\/1164077\/"},"modified":"2026-09-03T01:24:19","modified_gmt":"2026-09-03T01:24:19","slug":"tour-despagne-2026-le-classement-general-de-la-vuelta-apres-la-11e-etape","status":"publish","type":"post","link":"https:\/\/www.europesays.com\/fr\/1164077\/","title":{"rendered":"Tour d\u2019Espagne 2026 : le classement g\u00e9n\u00e9ral de la Vuelta apr\u00e8s la 11e \u00e9tape"},"content":{"rendered":"<p class=\"dm_article-chapeau\">A l&rsquo;issue de la 11e \u00e9tape du Tour d&rsquo;Espagne, une nouvelle fois remport\u00e9e au sprint par le Britannique Matthew Brennan, l&rsquo;Espagnol Enric Mas a conserv\u00e9 son maillot rouge de leader, qu&rsquo;il a endoss\u00e9 apr\u00e8s l&rsquo;abandon de Tadej Pogacar, avec un peu plus d&rsquo;une minute d&rsquo;avance sur Primoz Roglic.<\/p>\n<p>Le classement g\u00e9n\u00e9ral apr\u00e8s la 11e \u00e9tape<\/p>\n<p>1. Enric\u00a0Mas\u00a0(ESP\/MOV) en 35h59\u201902\u2019\u2019<\/p>\n<p>2. Primoz Roglic (SLO\/RBH) \u00e0 1\u201918\u2019\u2019<\/p>\n<p>3. Felix Gall (AUT\/DCT) \u00e0 1\u201939\u2019\u2019<\/p>\n<p>4. Oscar Onley (GBR\/IGD) \u00e0 2\u201920\u2019\u2019<\/p>\n<p>5. Richard Carapaz (ECU\/EFE) \u00e0 3\u201926\u2019\u2019<\/p>\n<p>6. Mattias Skjelmose (DEN\/LTK) \u00e0 3\u201955\u2019\u2019<\/p>\n<p>7. Sepp Kuss (USA\/TVL) \u00e0 4\u201909\u2019\u2019<\/p>\n<p>8. Harold Tejada (COL\/XAT) \u00e0 4\u201939\u2019\u2019<\/p>\n<p>9. Gregor M\u00fchlberger (AUT\/DCT) \u00e0 7\u201933\u2019\u2019<\/p>\n<p>10. Jakob Omrzel (SLO\/TBV) \u00e0 8\u201905\u2019\u2019<\/p>\n<p>11. Cl\u00e9ment Berthet (FRA\/GFC) \u00e0 9\u201932\u2019\u2019<\/p>\n<p>12. Jarno Widar (BEL\/LOI) \u00e0 9\u201934\u2019\u2019<\/p>\n<p>13. Cristian Rodriguez (ESP\/XAT) \u00e0 9\u201942\u2019\u2019<\/p>\n<p>14. Guillaume Martin-Guyonnet (FRA\/GFC) \u00e0 12\u201958\u2019\u2019<\/p>\n<p>15. L\u00e9o Bisiaux (FRA\/DCT) \u00e0 13\u201951\u2019\u2019<\/p>\n<p>16. Matthew Riccitello (USA\/DCT) \u00e0 15\u201936\u2019\u2019<\/p>\n<p>17. Juan Felipe Rodr\u00edguez (COL\/EFE) \u00e0 16\u201954\u2019\u2019<\/p>\n<p>18. Ramses Debruyne (BEL\/APC) \u00e0 23\u201923\u2019\u2019<\/p>\n<p>19. Filippo Zana (ITA\/SOQ) \u00e0 24\u201901\u2019\u2019<\/p>\n<p>20. Finlay Pickering (GBR\/JAY) \u00e0 24\u201943\u2019\u2019<\/p>\n","protected":false},"excerpt":{"rendered":"A l&rsquo;issue de la 11e \u00e9tape du Tour d&rsquo;Espagne, une nouvelle fois remport\u00e9e au sprint par le Britannique&hellip;\n","protected":false},"author":2,"featured_media":1164078,"comment_status":"","ping_status":"","sticky":false,"template":"","format":"standard","meta":{"footnotes":"","_share_on_mastodon":"0"},"categories":[1411],"tags":[1981,1154,207,1011,27,517,60,1140],"class_list":["post-1164077","post","type-post","status-publish","format-standard","has-post-thumbnail","category-cyclisme","tag-classement","tag-cycling","tag-cyclisme","tag-fr","tag-france","tag-sport","tag-sports","tag-tour-despagne"],"share_on_mastodon":{"url":"https:\/\/pubeurope.com\/@fr\/117204501683265598","error":""},"_links":{"self":[{"href":"https:\/\/www.europesays.com\/fr\/wp-json\/wp\/v2\/posts\/1164077","targetHints":{"allow":["GET"]}}],"collection":[{"href":"https:\/\/www.europesays.com\/fr\/wp-json\/wp\/v2\/posts"}],"about":[{"href":"https:\/\/www.europesays.com\/fr\/wp-json\/wp\/v2\/types\/post"}],"author":[{"embeddable":true,"href":"https:\/\/www.europesays.com\/fr\/wp-json\/wp\/v2\/users\/2"}],"replies":[{"embeddable":true,"href":"https:\/\/www.europesays.com\/fr\/wp-json\/wp\/v2\/comments?post=1164077"}],"version-history":[{"count":0,"href":"https:\/\/www.europesays.com\/fr\/wp-json\/wp\/v2\/posts\/1164077\/revisions"}],"wp:featuredmedia":[{"embeddable":true,"href":"https:\/\/www.europesays.com\/fr\/wp-json\/wp\/v2\/media\/1164078"}],"wp:attachment":[{"href":"https:\/\/www.europesays.com\/fr\/wp-json\/wp\/v2\/media?parent=1164077"}],"wp:term":[{"taxonomy":"category","embeddable":true,"href":"https:\/\/www.europesays.com\/fr\/wp-json\/wp\/v2\/categories?post=1164077"},{"taxonomy":"post_tag","embeddable":true,"href":"https:\/\/www.europesays.com\/fr\/wp-json\/wp\/v2\/tags?post=1164077"}],"curies":[{"name":"wp","href":"https:\/\/api.w.org\/{rel}","templated":true}]}}