{"id":1164088,"date":"2026-09-03T01:34:14","date_gmt":"2026-09-03T01:34:14","guid":{"rendered":"https:\/\/www.europesays.com\/fr\/1164088\/"},"modified":"2026-09-03T01:34:14","modified_gmt":"2026-09-03T01:34:14","slug":"cancer-le-thymus-est-bien-plus-important-quon-ne-le-pensait-auparavant","status":"publish","type":"post","link":"https:\/\/www.europesays.com\/fr\/1164088\/","title":{"rendered":"Cancer\u00a0: \u00ab\u00a0le thymus est bien plus important qu&rsquo;on ne le pensait auparavant\u00a0\u00bb"},"content":{"rendered":"<p>                                                        <img decoding=\"async\" src=\"https:\/\/www.europesays.com\/fr\/wp-content\/uploads\/2026\/09\/1500x-94026324.jpg\" alt=\"Cancer\u00a0: &quot;le thymus est bien plus important qu'on ne le pensait auparavant&quot;\" width=\"1500\" height=\"1000\" fetchpriority=\"high\" class=\"w-full sm:w-32 md:w-40 h-auto rounded object-cover\"\/><\/p>\n<p>                                                                Le thymus, un organe essentiel pendant l&rsquo;enfance, est consid\u00e9r\u00e9 comme inutile chez les adultes. De r\u00e9centes recherches remettent en cause cette hypoth\u00e8se.\n                                    <\/p>\n<p class=\"text-base text-gray-800 leading-relaxed mb-4\">Un petit organe peu connu pourrait jouer un r\u00f4le bien plus important pour notre sant\u00e9 qu&rsquo;on ne le pensait.\u00a0Son nom\u00a0: le thymus. Cette petite glande est situ\u00e9e dans la partie sup\u00e9rieure du thorax, juste derri\u00e8re le sternum.<\/p>\n<p class=\"text-base text-gray-800 leading-relaxed mb-4\">Il est particuli\u00e8rement actif pendant l&rsquo;enfance et l&rsquo;adolescence, o\u00f9 nos lymphocytes T, des cellules du syst\u00e8me immunitaire, y \u00ab\u00a0apprennent\u00a0\u00bb \u00e0 reconnaitre et combattre des cellules anormales comme les virus et les cellules canc\u00e9reuses. Puis, avec l&rsquo;\u00e2ge, son volume diminue progressivement. Pendant longtemps, cette \u00e9volution a conduit \u00e0 penser qu&rsquo;il devenait inutile chez l&rsquo;adulte. Mais de r\u00e9centes recherches remettent en cause cette hypoth\u00e8se de longue date.\u00a0<\/p>\n<p class=\"text-base text-gray-800 leading-relaxed mb-4\">Parmi elles, une \u00e9tude publi\u00e9e en 2023\u00a0dans le <a href=\"https:\/\/www.nejm.org\/doi\/10.1056\/NEJMoa2302892\" rel=\"nofollow noopener\" target=\"_blank\">New England Journal of Medicine<\/a>\u00a0et men\u00e9e aupr\u00e8s de pr\u00e8s de 1\u00a0200\u00a0personnes,\u00a0a conclu que les patients dont le thymus a \u00e9t\u00e9 retir\u00e9 avaient plus de risque de d\u00e9velopper un cancer et de mourir que les personnes qui avaient re\u00e7u une chirurgie similaire sans ablation de leur thymus.\u00a0Cet organe est parfois enlev\u00e9 en cas de maladie rare ou &#8211; dans le cas de cette \u00e9tude &#8211; lors d&rsquo;une op\u00e9ration thoracique pour donner un meilleur acc\u00e8s chirurgical.\u00a0Cinq ans apr\u00e8s l&rsquo;op\u00e9ration, la mortalit\u00e9 \u00e9tait trois fois plus \u00e9lev\u00e9e chez ceux \u00e0 qui on avait retir\u00e9 le thymus, et le risque de cancer \u00e9tait doubl\u00e9.\u00a0<\/p>\n<p class=\"text-base text-gray-800 leading-relaxed mb-4\">Une r\u00e9cente \u00e9tude, publi\u00e9e en ao\u00fbt 2026\u00a0dans <a href=\"https:\/\/www.annalsofoncology.org\/article\/S0923-7534(26)00997-X\/fulltext\" rel=\"nofollow noopener\" target=\"_blank\">Annals of Oncology<\/a>, s&rsquo;est int\u00e9ress\u00e9e \u00e0 un autre sujet, jusqu&rsquo;alors m\u00e9connu : que se passe-t-il lorsque le thymus est expos\u00e9 aux rayonnements lors d&rsquo;une radioth\u00e9rapie contre un cancer du poumon\u00a0? Les chercheurs ont analys\u00e9 les donn\u00e9es de 1\u00a0107\u00a0patients atteints d&rsquo;un cancer du poumon, puis\u00a0ont utilis\u00e9 l&rsquo;intelligence artificielle pour \u00e9valuer l&rsquo;\u00e9tat du thymus \u00e0 partir des scanners et ont estim\u00e9 la dose de radioth\u00e9rapie re\u00e7ue par l&rsquo;organe.<\/p>\n<p class=\"text-base text-gray-800 leading-relaxed mb-4\">Cette recherche a montr\u00e9 que plus la dose de rayonnement re\u00e7ue par le thymus \u00e9tait \u00e9lev\u00e9e, plus le risque de m\u00e9tastases \u00e9tait important.\u00a0Les chercheurs ont \u00e9galement observ\u00e9 qu&rsquo;un an apr\u00e8s le traitement, les patients ayant re\u00e7u les doses les plus importantes avaient un thymus en moins bon \u00e9tat et moins de lymphocytes. Pour les auteurs, ces r\u00e9sultats sont compatibles avec l&rsquo;hypoth\u00e8se selon laquelle l&rsquo;irradiation du thymus pourrait perturber la production de nouvelles cellules T et donc\u00a0les capacit\u00e9s de d\u00e9fense immunitaire de l&rsquo;organisme.<\/p>\n<p class=\"text-base text-gray-800 leading-relaxed mb-4\">Ces \u00e9tudes, si elles ne sont qu&rsquo;observationnelles, pourraient changer la fa\u00e7on dont le thymus est consid\u00e9r\u00e9 et la prise en charge des patients. \u00ab\u00a0Cet organe pourrait \u00eatre bien plus important que nous ne le pensions auparavant\u00a0\u00bb, <a href=\"https:\/\/news.massgeneralbrigham.org\/en\/how-the-thymus-a-once-overlooked-organ-is-quietly-influencing-cancer-risk-and-longevity?utm_source=chatgpt.com\" rel=\"nofollow noopener\" target=\"_blank\">estime<\/a> le Pr Hugo Aerts, un des auteurs de la deuxi\u00e8me \u00e9tude.\u00a0Pour lui et ses coll\u00e8gues,\u00a0\u00ab\u00a0ces r\u00e9sultats soulignent la n\u00e9cessit\u00e9 de consid\u00e9rer le thymus comme un organe d&rsquo;int\u00e9r\u00eat dans le cadre de la radioth\u00e9rapie et sugg\u00e8rent que les strat\u00e9gies visant \u00e0 \u00e9pargner le thymus pourraient contribuer \u00e0 pr\u00e9server la sant\u00e9 immunitaire et \u00e0 am\u00e9liorer les r\u00e9sultats cliniques des patients\u00a0\u00bb.<\/p>\n","protected":false},"excerpt":{"rendered":"Le thymus, un organe essentiel pendant l&rsquo;enfance, est consid\u00e9r\u00e9 comme inutile chez les adultes. De r\u00e9centes recherches remettent&hellip;\n","protected":false},"author":2,"featured_media":1164089,"comment_status":"","ping_status":"","sticky":false,"template":"","format":"standard","meta":{"footnotes":"","_share_on_mastodon":"0"},"categories":[10],"tags":[1011,27,72,71],"class_list":["post-1164088","post","type-post","status-publish","format-standard","has-post-thumbnail","category-sante","tag-fr","tag-france","tag-health","tag-sante"],"share_on_mastodon":{"url":"","error":""},"_links":{"self":[{"href":"https:\/\/www.europesays.com\/fr\/wp-json\/wp\/v2\/posts\/1164088","targetHints":{"allow":["GET"]}}],"collection":[{"href":"https:\/\/www.europesays.com\/fr\/wp-json\/wp\/v2\/posts"}],"about":[{"href":"https:\/\/www.europesays.com\/fr\/wp-json\/wp\/v2\/types\/post"}],"author":[{"embeddable":true,"href":"https:\/\/www.europesays.com\/fr\/wp-json\/wp\/v2\/users\/2"}],"replies":[{"embeddable":true,"href":"https:\/\/www.europesays.com\/fr\/wp-json\/wp\/v2\/comments?post=1164088"}],"version-history":[{"count":0,"href":"https:\/\/www.europesays.com\/fr\/wp-json\/wp\/v2\/posts\/1164088\/revisions"}],"wp:featuredmedia":[{"embeddable":true,"href":"https:\/\/www.europesays.com\/fr\/wp-json\/wp\/v2\/media\/1164089"}],"wp:attachment":[{"href":"https:\/\/www.europesays.com\/fr\/wp-json\/wp\/v2\/media?parent=1164088"}],"wp:term":[{"taxonomy":"category","embeddable":true,"href":"https:\/\/www.europesays.com\/fr\/wp-json\/wp\/v2\/categories?post=1164088"},{"taxonomy":"post_tag","embeddable":true,"href":"https:\/\/www.europesays.com\/fr\/wp-json\/wp\/v2\/tags?post=1164088"}],"curies":[{"name":"wp","href":"https:\/\/api.w.org\/{rel}","templated":true}]}}