{"id":1164103,"date":"2026-09-03T01:43:15","date_gmt":"2026-09-03T01:43:15","guid":{"rendered":"https:\/\/www.europesays.com\/fr\/1164103\/"},"modified":"2026-09-03T01:43:15","modified_gmt":"2026-09-03T01:43:15","slug":"saint-etienne-il-tire-en-lair-devant-la-mairie-la-police-intervient","status":"publish","type":"post","link":"https:\/\/www.europesays.com\/fr\/1164103\/","title":{"rendered":"Saint-\u00c9tienne : il tire en l&rsquo;air devant la mairie, la police intervient"},"content":{"rendered":"<p>Un homme a \u00e9t\u00e9 interpell\u00e9, ce mercredi 2 septembre, devant la mairie de Saint-\u00c9tienne apr\u00e8s avoir tir\u00e9 en l&rsquo;air.<\/p>\n<p>Les faits se sont produits \u00e0 la mi-journ\u00e9e. Ce mercredi 2 septembre, vers 12h30, un bruit de coup de feu a retenti place de l&rsquo;H\u00f4tel de Ville, \u00e0 <b>Saint-\u00c9tienne<\/b>.<\/p>\n<p>Un homme a <b>tir\u00e9 en l&rsquo;air<\/b> sur les marches de la mairie st\u00e9phanoise avant d&rsquo;appeler la police.<\/p>\n<p>Il appelle la police pour se faire arr\u00eater<\/p>\n<p>En contact avec les forces de l&rsquo;ordre, ce trentenaire aurait demand\u00e9 \u00e0 \u00eatre mis en prison. D&rsquo;apr\u00e8s <a class=\"url\" href=\"https:\/\/www.leprogres.fr\/faits-divers-justice\/2026\/09\/02\/un-homme-tire-en-l-air-depuis-les-marches-de-la-mairie-de-saint-etienne\" target=\"_blank\" rel=\"nofollow noopener\">Le Progr\u00e8s<\/a>, des agents de la\u00a0Brigade anti-criminalit\u00e9 (BAC) sont rapidement intervenus sur place pour l&rsquo;interpeller.<img loading=\"lazy\" decoding=\"async\" src=\"https:\/\/www.europesays.com\/fr\/wp-content\/uploads\/2026\/09\/img.png\" width=\"350\" height=\"200\" border=\"0\" title=\"D'apr\u00c3\u00a8s l'Agence R\u00c3\u00a9gionale de Sant\u00c3\u00a9 (ARS), 80% des habitants de la r\u00c3\u00a9gion sont expos\u00c3\u00a9s au moustique tigre.\"\/><\/p>\n<p>\u25baSant\u00e9<\/p>\n<p style=\"font-size: 22px;\"><b>Loire : ce maire interdit le survol&#8230; des moustiques tigres sur sa commune !<\/b><\/p>\n<p>Face \u00e0 la multiplication des signalements d&rsquo;habitants&#8230;<\/p>\n<p><\/p>\n","protected":false},"excerpt":{"rendered":"Un homme a \u00e9t\u00e9 interpell\u00e9, ce mercredi 2 septembre, devant la mairie de Saint-\u00c9tienne apr\u00e8s avoir tir\u00e9 en&hellip;\n","protected":false},"author":2,"featured_media":1164104,"comment_status":"","ping_status":"","sticky":false,"template":"","format":"standard","meta":{"footnotes":"","_share_on_mastodon":"0"},"categories":[9653],"tags":[1111,11,2430,1777,674,119936,98534,1011,27,12,25,4001],"class_list":["post-1164103","post","type-post","status-publish","format-standard","has-post-thumbnail","category-saint-etienne","tag-actu","tag-actualites","tag-auvergne-rhone-alpes","tag-eu","tag-europe","tag-fait-divers-mairie-saint-tienne","tag-fait-divers-saint-tienne","tag-fr","tag-france","tag-news","tag-republique-francaise","tag-saint-etienne"],"share_on_mastodon":{"url":"https:\/\/pubeurope.com\/@fr\/117204577858398319","error":""},"_links":{"self":[{"href":"https:\/\/www.europesays.com\/fr\/wp-json\/wp\/v2\/posts\/1164103","targetHints":{"allow":["GET"]}}],"collection":[{"href":"https:\/\/www.europesays.com\/fr\/wp-json\/wp\/v2\/posts"}],"about":[{"href":"https:\/\/www.europesays.com\/fr\/wp-json\/wp\/v2\/types\/post"}],"author":[{"embeddable":true,"href":"https:\/\/www.europesays.com\/fr\/wp-json\/wp\/v2\/users\/2"}],"replies":[{"embeddable":true,"href":"https:\/\/www.europesays.com\/fr\/wp-json\/wp\/v2\/comments?post=1164103"}],"version-history":[{"count":0,"href":"https:\/\/www.europesays.com\/fr\/wp-json\/wp\/v2\/posts\/1164103\/revisions"}],"wp:featuredmedia":[{"embeddable":true,"href":"https:\/\/www.europesays.com\/fr\/wp-json\/wp\/v2\/media\/1164104"}],"wp:attachment":[{"href":"https:\/\/www.europesays.com\/fr\/wp-json\/wp\/v2\/media?parent=1164103"}],"wp:term":[{"taxonomy":"category","embeddable":true,"href":"https:\/\/www.europesays.com\/fr\/wp-json\/wp\/v2\/categories?post=1164103"},{"taxonomy":"post_tag","embeddable":true,"href":"https:\/\/www.europesays.com\/fr\/wp-json\/wp\/v2\/tags?post=1164103"}],"curies":[{"name":"wp","href":"https:\/\/api.w.org\/{rel}","templated":true}]}}