{"id":1164105,"date":"2026-09-03T01:44:10","date_gmt":"2026-09-03T01:44:10","guid":{"rendered":"https:\/\/www.europesays.com\/fr\/1164105\/"},"modified":"2026-09-03T01:44:10","modified_gmt":"2026-09-03T01:44:10","slug":"asse-kevin-pedro-a-choisi-la-rdc","status":"publish","type":"post","link":"https:\/\/www.europesays.com\/fr\/1164105\/","title":{"rendered":"ASSE : Kevin Pedro a choisi la RDC"},"content":{"rendered":"<p>Selon nos informations, Kevin <a href=\"https:\/\/www.footmercato.net\/joueur\/kevin-pedro\/\" rel=\"nofollow noopener\" target=\"_blank\">Pedro<\/a> a d\u00e9finitivement choisi de repr\u00e9senter la R\u00e9publique d\u00e9mocratique du Congo. R\u00e9v\u00e9lation de Ligue 2 la saison derni\u00e8re avec <a href=\"https:\/\/www.footmercato.net\/club\/asse\/\" rel=\"nofollow noopener\" target=\"_blank\">Saint-\u00c9tienne<\/a>, le jeune d\u00e9fenseur de 20 ans n\u2019a jamais vraiment h\u00e9sit\u00e9 concernant son choix international, malgr\u00e9 l\u2019int\u00e9r\u00eat port\u00e9 autour de lui par l\u2019\u00e9quipe de France Espoirs. Il a d\u2019ailleurs \u00e9t\u00e9 aper\u00e7u au consulat de Bruxelles pour les d\u00e9marches li\u00e9es \u00e0 l\u2019obtention de son passeport congolais et devrait rejoindre les L\u00e9opards d\u00e8s le mois de septembre.<\/p>\n<p>            La suite apr\u00e8s cette publicit\u00e9<\/p>\n<p>Une d\u00e9cision qui vient r\u00e9compenser la progression fulgurante du joueur. Kevin Pedro a r\u00e9alis\u00e9 une saison pleine avec l\u2019ASSE l\u2019ann\u00e9e derni\u00e8re, avec 31 matches disput\u00e9s et 3 buts au compteur, avant de repartir cette saison dans la peau d\u2019un titulaire. \u00c0 seulement 20 ans, le d\u00e9fenseur affiche d\u00e9j\u00e0 une belle maturit\u00e9 et semble disposer d\u2019un sacr\u00e9 potentiel. La RDC pourra donc compter sur un nouveau talent pour renforcer sa d\u00e9fense.<\/p>\n<p>\n    Pub. le 02\/09\/2026 22:40<br \/>\n            &#8211; MAJ le 02\/09\/2026 23:06\n    <\/p>\n","protected":false},"excerpt":{"rendered":"Selon nos informations, Kevin Pedro a d\u00e9finitivement choisi de repr\u00e9senter la R\u00e9publique d\u00e9mocratique du Congo. R\u00e9v\u00e9lation de Ligue&hellip;\n","protected":false},"author":2,"featured_media":1164106,"comment_status":"","ping_status":"","sticky":false,"template":"","format":"standard","meta":{"footnotes":"","_share_on_mastodon":"0"},"categories":[9653],"tags":[1111,11,2430,1777,674,1011,27,12,25,4001],"class_list":["post-1164105","post","type-post","status-publish","format-standard","has-post-thumbnail","category-saint-etienne","tag-actu","tag-actualites","tag-auvergne-rhone-alpes","tag-eu","tag-europe","tag-fr","tag-france","tag-news","tag-republique-francaise","tag-saint-etienne"],"share_on_mastodon":{"url":"https:\/\/pubeurope.com\/@fr\/117204580192120007","error":""},"_links":{"self":[{"href":"https:\/\/www.europesays.com\/fr\/wp-json\/wp\/v2\/posts\/1164105","targetHints":{"allow":["GET"]}}],"collection":[{"href":"https:\/\/www.europesays.com\/fr\/wp-json\/wp\/v2\/posts"}],"about":[{"href":"https:\/\/www.europesays.com\/fr\/wp-json\/wp\/v2\/types\/post"}],"author":[{"embeddable":true,"href":"https:\/\/www.europesays.com\/fr\/wp-json\/wp\/v2\/users\/2"}],"replies":[{"embeddable":true,"href":"https:\/\/www.europesays.com\/fr\/wp-json\/wp\/v2\/comments?post=1164105"}],"version-history":[{"count":0,"href":"https:\/\/www.europesays.com\/fr\/wp-json\/wp\/v2\/posts\/1164105\/revisions"}],"wp:featuredmedia":[{"embeddable":true,"href":"https:\/\/www.europesays.com\/fr\/wp-json\/wp\/v2\/media\/1164106"}],"wp:attachment":[{"href":"https:\/\/www.europesays.com\/fr\/wp-json\/wp\/v2\/media?parent=1164105"}],"wp:term":[{"taxonomy":"category","embeddable":true,"href":"https:\/\/www.europesays.com\/fr\/wp-json\/wp\/v2\/categories?post=1164105"},{"taxonomy":"post_tag","embeddable":true,"href":"https:\/\/www.europesays.com\/fr\/wp-json\/wp\/v2\/tags?post=1164105"}],"curies":[{"name":"wp","href":"https:\/\/api.w.org\/{rel}","templated":true}]}}