{"id":116411,"date":"2025-05-21T08:34:08","date_gmt":"2025-05-21T08:34:08","guid":{"rendered":"https:\/\/www.europesays.com\/fr\/116411\/"},"modified":"2025-05-21T08:34:08","modified_gmt":"2025-05-21T08:34:08","slug":"un-snack-detruit-par-lexplosion-dun-vehicule-a-marseille","status":"publish","type":"post","link":"https:\/\/www.europesays.com\/fr\/116411\/","title":{"rendered":"Un snack d\u00e9truit par l&rsquo;explosion d&rsquo;un v\u00e9hicule \u00e0 Marseille"},"content":{"rendered":"<p>Les marins-pompiers sont intervenus sur un \u00e9v\u00e9nement peu banal survenu dans le 11e arrondissement de Marseille, dans la nuit du mardi\u00a020 au mercredi 21\u00a0mai. Il \u00e9tait environ 3\u00a0heures du matin lorsqu\u2019ils ont \u00e9t\u00e9 appel\u00e9s pour un v\u00e9hicule qui venait de s\u2019encastrer dans un snack provoquant une explosion suivie d\u2019un <a href=\"https:\/\/www.laprovence.com\/article\/faits-divers-justice\/2199306784421615\/une-boucherie-king-halal-encore-attaquee-par-des-incendiaires-a-marseille\" target=\"_blank\" rel=\"noopener\">incendie<\/a>.<\/p>\n<p>Ce curieux accident n\u2019a pas fait de bless\u00e9 et c\u2019est un monospace vide, mais enti\u00e8rement d\u00e9truit par les flammes, que les marins-pompiers ont d\u00e9couvert en arrivant sur les lieux, boulevard Mireille Lauze.<\/p>\n<p>Exploitation des images de vid\u00e9osurveillance en cours<\/p>\n<p>Le <a href=\"https:\/\/www.laprovence.com\/article\/sortie-loisirs\/33308637576574\/une-guerre-des-snacks-se-dispute-sur-lavenue-jean-giono-de-manosque\" target=\"_blank\" rel=\"noopener\">snack<\/a> a lui aussi \u00e9t\u00e9 enti\u00e8rement d\u00e9truit par le feu, mais les op\u00e9rations du Bataillon ont permis d\u2019\u00e9viter la propagation aux commerces voisins.<\/p>\n<p>Ce commerce de restauration rapide aurait d\u00e9j\u00e0 fait l\u2019objet d\u2019un incendie auparavant et n\u2019\u00e9tait plus en activit\u00e9 depuis.<\/p>\n<p>Une enqu\u00eate a \u00e9t\u00e9 ouverte. L\u2019exploitation des images des cam\u00e9ras de <a href=\"https:\/\/www.laprovence.com\/article\/region\/3561710631270414\/videosurveillance-la-ville-de-marseille-defend-un-maillage-plus-coherent-la-droite-denonce-le-temps-perdu\" target=\"_blank\" rel=\"noopener\">vid\u00e9osurveillance<\/a> de la ville pourrait permettre d\u2019expliquer plus avant les circonstances de ce qui ressemble \u00e0 une man\u0153uvre d\u2019intimidation.<\/p>\n","protected":false},"excerpt":{"rendered":"Les marins-pompiers sont intervenus sur un \u00e9v\u00e9nement peu banal survenu dans le 11e arrondissement de Marseille, dans la&hellip;\n","protected":false},"author":2,"featured_media":116412,"comment_status":"","ping_status":"","sticky":false,"template":"","format":"standard","meta":{"footnotes":""},"categories":[2814],"tags":[17,1111,11,2837,7787,1777,674,274,1011,27,23667,884,12,5912,882,25,23666,12109],"class_list":{"0":"post-116411","1":"post","2":"type-post","3":"status-publish","4":"format-standard","5":"has-post-thumbnail","7":"category-marseille","8":"tag-17","9":"tag-actu","10":"tag-actualites","11":"tag-dun","12":"tag-detruit","13":"tag-eu","14":"tag-europe","15":"tag-faits-divers-justice","16":"tag-fr","17":"tag-france","18":"tag-lexplosion","19":"tag-marseille","20":"tag-news","21":"tag-par","22":"tag-provence-alpes-cote-dazur","23":"tag-republique-francaise","24":"tag-snack","25":"tag-vehicule"},"share_on_mastodon":{"url":"https:\/\/pubeurope.com\/@fr\/114544906602175544","error":""},"_links":{"self":[{"href":"https:\/\/www.europesays.com\/fr\/wp-json\/wp\/v2\/posts\/116411","targetHints":{"allow":["GET"]}}],"collection":[{"href":"https:\/\/www.europesays.com\/fr\/wp-json\/wp\/v2\/posts"}],"about":[{"href":"https:\/\/www.europesays.com\/fr\/wp-json\/wp\/v2\/types\/post"}],"author":[{"embeddable":true,"href":"https:\/\/www.europesays.com\/fr\/wp-json\/wp\/v2\/users\/2"}],"replies":[{"embeddable":true,"href":"https:\/\/www.europesays.com\/fr\/wp-json\/wp\/v2\/comments?post=116411"}],"version-history":[{"count":0,"href":"https:\/\/www.europesays.com\/fr\/wp-json\/wp\/v2\/posts\/116411\/revisions"}],"wp:featuredmedia":[{"embeddable":true,"href":"https:\/\/www.europesays.com\/fr\/wp-json\/wp\/v2\/media\/116412"}],"wp:attachment":[{"href":"https:\/\/www.europesays.com\/fr\/wp-json\/wp\/v2\/media?parent=116411"}],"wp:term":[{"taxonomy":"category","embeddable":true,"href":"https:\/\/www.europesays.com\/fr\/wp-json\/wp\/v2\/categories?post=116411"},{"taxonomy":"post_tag","embeddable":true,"href":"https:\/\/www.europesays.com\/fr\/wp-json\/wp\/v2\/tags?post=116411"}],"curies":[{"name":"wp","href":"https:\/\/api.w.org\/{rel}","templated":true}]}}