{"id":1164136,"date":"2026-09-03T02:08:13","date_gmt":"2026-09-03T02:08:13","guid":{"rendered":"https:\/\/www.europesays.com\/fr\/1164136\/"},"modified":"2026-09-03T02:08:13","modified_gmt":"2026-09-03T02:08:13","slug":"abus-de-faiblesse-a-nantes-une-nonagenaire-enferme-son-hote-chez-elle-en-attendant-la-police","status":"publish","type":"post","link":"https:\/\/www.europesays.com\/fr\/1164136\/","title":{"rendered":"Abus de faiblesse\u00a0: \u00e0 Nantes, une nonag\u00e9naire enferme son h\u00f4te chez elle en attendant la police"},"content":{"rendered":"<p>\n                Article premium,<br \/>\n                    R\u00e9serv\u00e9 aux\u00a0abonn\u00e9s\n            <\/p>\n<p class=\"su-standfirst chapeau\">Un pr\u00e9venu \u00e2g\u00e9 de 33\u00a0ans a \u00e9t\u00e9 condamn\u00e9, mercredi 2\u00a0septembre, au tribunal judiciaire de Nantes, pour plusieurs d\u00e9lits, dont l\u2019abus frauduleux de l\u2019ignorance ou de la faiblesse d\u2019une personne vuln\u00e9rable, entre janvier\u00a02022 et ao\u00fbt\u00a02026.<\/p>\n<p>                                        <img decoding=\"async\" class=\"su-media\" src=\"https:\/\/www.europesays.com\/fr\/wp-content\/uploads\/2026\/09\/MjAyNjA5NGQwMzc1NDgyNWNiZDEzYjNmODBiY2ViZGMxMGIwZmI.webp\" alt=\"Un homme \u00e2g\u00e9 de 33\u00a0ans a \u00e9t\u00e9 condamn\u00e9 pour abus de faiblesse d\u2019une personne vuln\u00e9rable, mercredi 2\u00a0septembre 2026, au tribunal judiciaire de Nantes.\"  \/><\/p>\n<p>                            Un homme \u00e2g\u00e9 de 33\u00a0ans a \u00e9t\u00e9 condamn\u00e9 pour abus de faiblesse d\u2019une personne vuln\u00e9rable, mercredi 2\u00a0septembre 2026, au tribunal judiciaire de Nantes. | ILLUSTRATION FRANCK DUBRAY\/OUEST-FRANCE<\/p>\n<p>                            fermer<\/p>\n<ul class=\"su-row su-carrousel-container su-not-list\" data-suswipe=\"{\" rambo=\"\" .carrousel-nav-bas=\"\" .item=\"\">\n<li class=\"su-col-xs-6 su-col-md-24 carrousel-contenu su-carrousel-item\" data-ofvwidth=\"{\" mobileonly=\"\"><img decoding=\"async\" data-ofmaxheight=\"\" class=\"su-media lazyload\" alt=\"Un homme \u00e2g\u00e9 de 33\u00a0ans a \u00e9t\u00e9 condamn\u00e9 pour abus de faiblesse d\u2019une personne vuln\u00e9rable, mercredi 2\u00a0septembre 2026, au tribunal judiciaire de Nantes.\" src=\"data:image\/png;base64,iVBORw0KGgoAAAANSUhEUgAAABAAAAAJCAYAAAA7KqwyAAAAGXRFWHRTb2Z0d2FyZQBBZG9iZSBJbWFnZVJlYWR5ccllPAAAABhJREFUeNpi\/P\/\/PwMlgHHUgFEDgAAgwAD+lBrvy+NcxAAAAABJRU5ErkJggg==\" data-oflazyload=\"{&quot;srcset&quot;:&quot;https:\/\/media.ouest-france.fr\/v1\/pictures\/MjAyNjA5NGQwMzc1NDgyNWNiZDEzYjNmODBiY2ViZGMxMGIwZmI?width=320&amp;focuspoint=50%2C25&amp;cropresize=1&amp;client_id=bpeditorial&amp;sign=121f2cf115c0dfc14e1cc8ab86e38d702566ec87339898d616f0f209da88a73c 320w,https:\/\/media.ouest-france.fr\/v1\/pictures\/MjAyNjA5NGQwMzc1NDgyNWNiZDEzYjNmODBiY2ViZGMxMGIwZmI?width=375&amp;focuspoint=50%2C25&amp;cropresize=1&amp;client_id=bpeditorial&amp;sign=272a5fe348954db480cdeb37c1555974bd0830d6c719eb4004e9b17e7c2882da 360w,https:\/\/media.ouest-france.fr\/v1\/pictures\/MjAyNjA5NGQwMzc1NDgyNWNiZDEzYjNmODBiY2ViZGMxMGIwZmI?width=480&amp;focuspoint=50%2C25&amp;cropresize=1&amp;client_id=bpeditorial&amp;sign=65176c8bea6ff3f25f74000400c69d2e50dc9c9783edff53a368e21024dcfba1 480w,https:\/\/media.ouest-france.fr\/v1\/pictures\/MjAyNjA5NGQwMzc1NDgyNWNiZDEzYjNmODBiY2ViZGMxMGIwZmI?width=630&amp;focuspoint=50%2C25&amp;cropresize=1&amp;client_id=bpeditorial&amp;sign=e6572410acc0b6cc450821570f7b6b9917c5d669abcc5a308f568d68e13de5c8 630w,https:\/\/media.ouest-france.fr\/v1\/pictures\/MjAyNjA5NGQwMzc1NDgyNWNiZDEzYjNmODBiY2ViZGMxMGIwZmI?width=940&amp;focuspoint=50%2C25&amp;cropresize=1&amp;client_id=bpeditorial&amp;sign=07464953f8c776dbccb62b9a1a65ccb53c805c7c8cfb0916496e4fc705043ee2 940w,https:\/\/media.ouest-france.fr\/v1\/pictures\/MjAyNjA5NGQwMzc1NDgyNWNiZDEzYjNmODBiY2ViZGMxMGIwZmI?width=1260&amp;focuspoint=50%2C25&amp;cropresize=1&amp;client_id=bpeditorial&amp;sign=b056b297c97322661a9a9132a3e26b48021d3f8f6354efa282d5a0a3f752d25d 1260w&quot;}\"\/>Un homme \u00e2g\u00e9 de 33\u00a0ans a \u00e9t\u00e9 condamn\u00e9 pour abus de faiblesse d\u2019une personne vuln\u00e9rable, mercredi 2\u00a0septembre 2026, au tribunal judiciaire de Nantes. | ILLUSTRATION FRANCK DUBRAY\/OUEST-FRANCE<\/li>\n<\/ul>\n<p>Je n\u2019ai jamais abus\u00e9 de Madame\u00a0! Un homme de 33\u00a0ans est <a href=\"https:\/\/www.ouest-france.fr\/societe\/justice\/\" target=\"_self\" rel=\"nofollow noopener\">jug\u00e9, ce mercredi 2\u00a0septembre, \u00e0 Nantes, pour plusieurs d\u00e9lits<\/a>. Outre des poursuites pour 26\u00a0g de cannabis et de coca\u00efne d\u00e9tenus et r\u00e9bellion lors de son interpellation, le 3\u00a0d\u00e9cembre 2025, le consommateur r\u00e9gulier de stup\u00e9fiants est pr\u00e9venu d\u2019avoir abus\u00e9 frauduleusement de l\u2019ignorance ou de la faiblesse d\u2019une personne vuln\u00e9rable pour la conduire \u00e0 un acte ou \u00e0 une abstention gravement pr\u00e9judiciable<\/p>\n<p style=\"text-align: center; background-color: #dbbe4d; padding-top: 5px; padding-bottom: 5px; font-size: 14px;\"><strong>D\u00e9j\u00e0 abonn\u00e9 ? <\/strong><a data-trkartmonet=\"Identification\" data-trk-sipa=\"{\" blockcategory=\"\" paywall=\"\" href=\"http:\/\/www.ouest-france.fr\/login?redirect=https:\/\/www.ouest-france.fr\/societe\/justice\/abus-de-faiblesse-a-nantes-une-nonagenaire-enferme-son-hote-chez-elle-en-attendant-la-police-090b582c-a6e6-11f1-95a1-d7cb1b3759ac\" rel=\"nofollow noopener\" title=\"Se connecter \u00e0 Ouest-France\" class=\"su-link-light\" target=\"_blank\">Connectez-vous<\/a><\/p>\n<p style=\"text-align: center; padding-top: 15px; padding-bottom: 8px; vertical-align: bottom;\">bloqu\u00e9<strong> Pour lire la suite, abonnez-vous<\/strong><\/p>\n<p style=\"text-align: center;\"><strong>1er mois \u00e0 1\u20ac<\/strong><\/p>\n<p style=\"text-align: center; margin-top: -5px;\">Annulable \u00e0 tout moment<\/p>\n<p style=\"text-align: center;\">\u00a0<\/p>\n<p style=\"text-align: center;\"><a data-ida=\"\" data-trkartmonet=\"Tunnel OF+\" data-trk-sipa=\"{&#010;\" blockcategory=\"\" paywall=\"\" :=\"\" m=\"\" of=\"\" class=\"su-button su-subscription\" data-trk-bloc=\"paywall\" href=\"https:\/\/abonnement.ouest-france.fr\/tunnel\/pack-essentiel-article\/122096117101?int_medium=lien&amp;int_campaign=PWFR0225-OF&amp;int_content=page-article-payant_boutonjaune-paywall&amp;marquesource=OF&amp;rt=https:\/\/www.ouest-france.fr\/societe\/justice\/abus-de-faiblesse-a-nantes-une-nonagenaire-enferme-son-hote-chez-elle-en-attendant-la-police-090b582c-a6e6-11f1-95a1-d7cb1b3759ac\" rel=\"nofollow noopener\" target=\"_blank\"><strong>Je m&rsquo;abonne<\/strong><\/a><\/p>\n<p style=\"text-align: center; padding-top: 10px; padding-bottom: 10px;\"><img decoding=\"async\" src=\"https:\/\/media.ouest-france.fr\/v1\/fonts\/be7723fcee3f1866f1ce99184077fc6f-carte-bancaire.svg?height=36\" alt=\"CB\"\/>\u00a0\u00a0<img decoding=\"async\" src=\"https:\/\/media.ouest-france.fr\/v1\/fonts\/1819d54c599d8afa64539cfba4ac9dde-rib.svg?height=36\" alt=\"RIB\"\/>\u00a0\u00a0<img decoding=\"async\" src=\"https:\/\/media.ouest-france.fr\/v1\/fonts\/065fc80d7b6a03d14a834c224ce723e1-paypal.svg?height=36\" alt=\"PAYPAL\"\/><\/p>\n","protected":false},"excerpt":{"rendered":"Article premium, R\u00e9serv\u00e9 aux\u00a0abonn\u00e9s Un pr\u00e9venu \u00e2g\u00e9 de 33\u00a0ans a \u00e9t\u00e9 condamn\u00e9, mercredi 2\u00a0septembre, au tribunal judiciaire de&hellip;\n","protected":false},"author":2,"featured_media":1164137,"comment_status":"","ping_status":"","sticky":false,"template":"","format":"standard","meta":{"footnotes":"","_share_on_mastodon":"0"},"categories":[2818],"tags":[1111,11,1052,1777,674,118,1011,27,303,3047,766,12,2636,25],"class_list":["post-1164136","post","type-post","status-publish","format-standard","has-post-thumbnail","category-nantes","tag-actu","tag-actualites","tag-drogue","tag-eu","tag-europe","tag-faits-divers","tag-fr","tag-france","tag-justice","tag-loire-atlantique","tag-nantes","tag-news","tag-pays-de-la-loire","tag-republique-francaise"],"share_on_mastodon":{"url":"https:\/\/pubeurope.com\/@fr\/117204676026019624","error":""},"_links":{"self":[{"href":"https:\/\/www.europesays.com\/fr\/wp-json\/wp\/v2\/posts\/1164136","targetHints":{"allow":["GET"]}}],"collection":[{"href":"https:\/\/www.europesays.com\/fr\/wp-json\/wp\/v2\/posts"}],"about":[{"href":"https:\/\/www.europesays.com\/fr\/wp-json\/wp\/v2\/types\/post"}],"author":[{"embeddable":true,"href":"https:\/\/www.europesays.com\/fr\/wp-json\/wp\/v2\/users\/2"}],"replies":[{"embeddable":true,"href":"https:\/\/www.europesays.com\/fr\/wp-json\/wp\/v2\/comments?post=1164136"}],"version-history":[{"count":0,"href":"https:\/\/www.europesays.com\/fr\/wp-json\/wp\/v2\/posts\/1164136\/revisions"}],"wp:featuredmedia":[{"embeddable":true,"href":"https:\/\/www.europesays.com\/fr\/wp-json\/wp\/v2\/media\/1164137"}],"wp:attachment":[{"href":"https:\/\/www.europesays.com\/fr\/wp-json\/wp\/v2\/media?parent=1164136"}],"wp:term":[{"taxonomy":"category","embeddable":true,"href":"https:\/\/www.europesays.com\/fr\/wp-json\/wp\/v2\/categories?post=1164136"},{"taxonomy":"post_tag","embeddable":true,"href":"https:\/\/www.europesays.com\/fr\/wp-json\/wp\/v2\/tags?post=1164136"}],"curies":[{"name":"wp","href":"https:\/\/api.w.org\/{rel}","templated":true}]}}