{"id":1164138,"date":"2026-09-03T02:09:16","date_gmt":"2026-09-03T02:09:16","guid":{"rendered":"https:\/\/www.europesays.com\/fr\/1164138\/"},"modified":"2026-09-03T02:09:16","modified_gmt":"2026-09-03T02:09:16","slug":"david-beckham-va-mettre-100-me-sur-le-fc-nantes","status":"publish","type":"post","link":"https:\/\/www.europesays.com\/fr\/1164138\/","title":{"rendered":"David Beckham va mettre 100 M\u20ac sur&#8230; le FC Nantes ?"},"content":{"rendered":"<p>Dix-neuf ans que \u00e7a dure. Dix-neuf ans que les supporters nantais r\u00e9clament son d\u00e9part. Selon Ouest-France, Waldemar Kita serait cette fois r\u00e9ellement dispos\u00e9 \u00e0 vendre le FC Nantes \u2013 et trois offres, dont une \u00e0 plus de 100 millions d\u2019euros, seraient d\u00e9j\u00e0 sur la table.<\/p>\n<p class=\"wp-block-paragraph\">Le dossier revient chaque ann\u00e9e sur les bords de l\u2019Erdre, et chaque ann\u00e9e, il finit par retomber. Sauf que cette fois, le contexte a chang\u00e9 : rel\u00e9gu\u00e9 en Ligue 2 la saison pass\u00e9e, le FCN a tr\u00e8s mal d\u00e9marr\u00e9 son exercice inf\u00e9rieur (trois d\u00e9faites en trois matches), et la lassitude semblerait avoir enfin gagn\u00e9 le clan Kita \u2013 Franck y compris, longtemps consid\u00e9r\u00e9 comme le dernier frein en interne.<\/p>\n<p class=\"wp-block-paragraph\">C\u2019est l\u00e0 que \u00e7a devient int\u00e9ressant. Trois pistes circuleraient : la premi\u00e8re, \u00e0 plus de 100 M\u20ac, d\u00e9passerait largement les 80 M\u20ac que Kita aurait refus\u00e9s l\u2019an dernier. Les deux autres \u00e9maneraient de fonds de pension britanniques \u2014 l\u2019un misant sur le trading de joueurs, l\u2019autre sur un projet davantage ancr\u00e9 localement, avec la formation en ligne de mire et une figure connue du club, Nicolas Ou\u00e9dec, dans la boucle. Cerise sur le g\u00e2teau (ou rumeur de trop, selon le point de vue) : le nom de David Beckham circulerait aussi dans les couloirs, sans qu\u2019aucun \u00e9l\u00e9ment ne permette pour l\u2019instant de confirmer un quelconque lien avec ces offres.<\/p>\n<p class=\"wp-block-paragraph\">Reste que le FCN a d\u00e9j\u00e0 v\u00e9cu ce sc\u00e9nario en 2022, avant que Kita ne fasse marche arri\u00e8re face au fonds britannique LFE Football Group. Rien ne garantit donc que ce nouveau feuilleton connaisse une issue diff\u00e9rente \u2013 mais sur les bords de l\u2019Erdre, on n\u2019a jamais autant voulu y croire.<\/p>\n","protected":false},"excerpt":{"rendered":"Dix-neuf ans que \u00e7a dure. Dix-neuf ans que les supporters nantais r\u00e9clament son d\u00e9part. Selon Ouest-France, Waldemar Kita&hellip;\n","protected":false},"author":2,"featured_media":1164139,"comment_status":"","ping_status":"","sticky":false,"template":"","format":"standard","meta":{"footnotes":"","_share_on_mastodon":"0"},"categories":[2818],"tags":[1111,11,1777,674,1011,27,766,12,2636,25],"class_list":["post-1164138","post","type-post","status-publish","format-standard","has-post-thumbnail","category-nantes","tag-actu","tag-actualites","tag-eu","tag-europe","tag-fr","tag-france","tag-nantes","tag-news","tag-pays-de-la-loire","tag-republique-francaise"],"share_on_mastodon":{"url":"https:\/\/pubeurope.com\/@fr\/117204678358241520","error":""},"_links":{"self":[{"href":"https:\/\/www.europesays.com\/fr\/wp-json\/wp\/v2\/posts\/1164138","targetHints":{"allow":["GET"]}}],"collection":[{"href":"https:\/\/www.europesays.com\/fr\/wp-json\/wp\/v2\/posts"}],"about":[{"href":"https:\/\/www.europesays.com\/fr\/wp-json\/wp\/v2\/types\/post"}],"author":[{"embeddable":true,"href":"https:\/\/www.europesays.com\/fr\/wp-json\/wp\/v2\/users\/2"}],"replies":[{"embeddable":true,"href":"https:\/\/www.europesays.com\/fr\/wp-json\/wp\/v2\/comments?post=1164138"}],"version-history":[{"count":0,"href":"https:\/\/www.europesays.com\/fr\/wp-json\/wp\/v2\/posts\/1164138\/revisions"}],"wp:featuredmedia":[{"embeddable":true,"href":"https:\/\/www.europesays.com\/fr\/wp-json\/wp\/v2\/media\/1164139"}],"wp:attachment":[{"href":"https:\/\/www.europesays.com\/fr\/wp-json\/wp\/v2\/media?parent=1164138"}],"wp:term":[{"taxonomy":"category","embeddable":true,"href":"https:\/\/www.europesays.com\/fr\/wp-json\/wp\/v2\/categories?post=1164138"},{"taxonomy":"post_tag","embeddable":true,"href":"https:\/\/www.europesays.com\/fr\/wp-json\/wp\/v2\/tags?post=1164138"}],"curies":[{"name":"wp","href":"https:\/\/api.w.org\/{rel}","templated":true}]}}