{"id":1164142,"date":"2026-09-03T02:11:17","date_gmt":"2026-09-03T02:11:17","guid":{"rendered":"https:\/\/www.europesays.com\/fr\/1164142\/"},"modified":"2026-09-03T02:11:17","modified_gmt":"2026-09-03T02:11:17","slug":"bordeaux-les-girondins-entendus-ce-jeudi-par-la-fff-pour-etre-reintegres-en-national-2","status":"publish","type":"post","link":"https:\/\/www.europesays.com\/fr\/1164142\/","title":{"rendered":"Bordeaux : les Girondins entendus ce jeudi par la FFF pour \u00eatre r\u00e9int\u00e9gr\u00e9s en National 2 ?"},"content":{"rendered":"<p>La derni\u00e8re solution pour \u00e9viter de repartir en R\u00e9gional 1, alors que son premier match officiel a \u00e9t\u00e9 d\u00e9voil\u00e9 en raison du troisi\u00e8me tour de la Coupe de France qui se profile. Selon les informations de nos confr\u00e8res de L\u2019\u00c9quipe, les Girondins de Bordeaux, port\u00e9s par les repreneurs Sparta Capital et Park Bench, ont en effet formul\u00e9 une demande aupr\u00e8s de la F\u00e9d\u00e9ration fran\u00e7aise de football pour \u00eatre entendus devant le Comit\u00e9 Ex\u00e9cutif ce jeudi. Le club au scapulaire esp\u00e8re faire entendre ses arguments concernant une int\u00e9gration en National 2 (ex-National 3) au sein d\u2019un groupe H \u00e0 treize \u00e9quipes suite au rep\u00eachage de l\u2019Union Foot de Touraine \u00e0 l\u2019\u00e9chelon sup\u00e9rieur.\u00a0<\/p>\n<p>Une derni\u00e8re bataille \u00e0 mener ?\u00a0<\/p>\n<p>Ce mercredi, la Ministre des Sports Marine Ferrari a d\u2019ailleurs envoy\u00e9 un courrier \u00e0 Philippe Diallo afin de le pousser \u00e0 effectuer un geste en faveur du FCGB. Les Girondins souhaiteraient prouver leur bonne foi devant les d\u00e9cisionnaires du football fran\u00e7ais. Pour rappel, la Ligue de Football de Nouvelle-Aquitaine a repouss\u00e9 la reprise de Bordeaux en R\u00e9gional 1, alors qu\u2019une chute du club en sixi\u00e8me division tricolore se terminerait par une liquidation judiciaire in\u00e9luctable.\u00a0<\/p>\n<p>Partagez cette info avec vos amis et vos proches en cliquant ici<br \/>Pour r\u00e9sumer<\/p>\n<p>La derni\u00e8re solution pour \u00e9viter de repartir en R\u00e9gional 1, alors que son premier match officiel a \u00e9t\u00e9 d\u00e9voil\u00e9 en raison du troisi\u00e8me tour de la Coupe de France qui se profile. Selon les informations de nos confr\u00e8res de L\u2019\u00c9quipe, les Girondins de Bordeaux, port\u00e9s par les repreneurs Sparta Capital et Park Bench, ont en effet formul\u00e9 une demande aupr\u00e8s de la F\u00e9d\u00e9ration fran\u00e7aise de football pour \u00eatre entendus devant le Comit\u00e9 Ex\u00e9cutif ce jeudi.<\/p>\n<p> <img decoding=\"async\" width=\"76\" height=\"76\" loading=\"lazy\" src=\"https:\/\/static.wui.fr\/images_v3\/avatar-footnational.png\" alt=\"Youcef Ghalaza-Boudra\"\/><\/p>\n","protected":false},"excerpt":{"rendered":"La derni\u00e8re solution pour \u00e9viter de repartir en R\u00e9gional 1, alors que son premier match officiel a \u00e9t\u00e9&hellip;\n","protected":false},"author":2,"featured_media":1164143,"comment_status":"","ping_status":"","sticky":false,"template":"","format":"standard","meta":{"footnotes":"","_share_on_mastodon":"0"},"categories":[2817],"tags":[1111,11,1997,1777,674,1011,27,59645,59520,12,2219,25],"class_list":["post-1164142","post","type-post","status-publish","format-standard","has-post-thumbnail","category-bordeaux","tag-actu","tag-actualites","tag-bordeaux","tag-eu","tag-europe","tag-fr","tag-france","tag-national-actus","tag-national-2-actus","tag-news","tag-nouvelle-aquitaine","tag-republique-francaise"],"share_on_mastodon":{"url":"https:\/\/pubeurope.com\/@fr\/117204688059040175","error":""},"_links":{"self":[{"href":"https:\/\/www.europesays.com\/fr\/wp-json\/wp\/v2\/posts\/1164142","targetHints":{"allow":["GET"]}}],"collection":[{"href":"https:\/\/www.europesays.com\/fr\/wp-json\/wp\/v2\/posts"}],"about":[{"href":"https:\/\/www.europesays.com\/fr\/wp-json\/wp\/v2\/types\/post"}],"author":[{"embeddable":true,"href":"https:\/\/www.europesays.com\/fr\/wp-json\/wp\/v2\/users\/2"}],"replies":[{"embeddable":true,"href":"https:\/\/www.europesays.com\/fr\/wp-json\/wp\/v2\/comments?post=1164142"}],"version-history":[{"count":0,"href":"https:\/\/www.europesays.com\/fr\/wp-json\/wp\/v2\/posts\/1164142\/revisions"}],"wp:featuredmedia":[{"embeddable":true,"href":"https:\/\/www.europesays.com\/fr\/wp-json\/wp\/v2\/media\/1164143"}],"wp:attachment":[{"href":"https:\/\/www.europesays.com\/fr\/wp-json\/wp\/v2\/media?parent=1164142"}],"wp:term":[{"taxonomy":"category","embeddable":true,"href":"https:\/\/www.europesays.com\/fr\/wp-json\/wp\/v2\/categories?post=1164142"},{"taxonomy":"post_tag","embeddable":true,"href":"https:\/\/www.europesays.com\/fr\/wp-json\/wp\/v2\/tags?post=1164142"}],"curies":[{"name":"wp","href":"https:\/\/api.w.org\/{rel}","templated":true}]}}