{"id":1164144,"date":"2026-09-03T02:12:16","date_gmt":"2026-09-03T02:12:16","guid":{"rendered":"https:\/\/www.europesays.com\/fr\/1164144\/"},"modified":"2026-09-03T02:12:16","modified_gmt":"2026-09-03T02:12:16","slug":"elle-appartenait-a-johnny-hallyday-une-voiture-dexception-presentee-a-toulouse-lors-dun-grand-salon-auto","status":"publish","type":"post","link":"https:\/\/www.europesays.com\/fr\/1164144\/","title":{"rendered":"Elle appartenait \u00e0 Johnny Hallyday : une voiture d&rsquo;exception pr\u00e9sent\u00e9e \u00e0 Toulouse lors d&rsquo;un grand salon auto"},"content":{"rendered":"<p>                    Par<br \/>\n        <strong><br \/>\n            <a href=\"https:\/\/actu.fr\/auteur\/marie-lamarque\" title=\"Consulter tous les articles de Marie Lamarque\" rel=\"nofollow noopener\" target=\"_blank\">Marie Lamarque<\/a><br \/>\n                    <\/strong><\/p>\n<p>        Publi\u00e9 le<\/p>\n<p>            2 sept. 2026 \u00e0 17h14        <\/p>\n<p><a href=\"https:\/\/actu.fr\/toulouse\/\" rel=\"nofollow noopener\" target=\"_blank\">Toulouse<\/a>, capitale de l\u2019a\u00e9ronautique, deviendra, le temps d\u2019un grand week-end, celle de l\u2019automobile. Les passionn\u00e9s de voitures d\u2019hier ont rendez-vous au MEETT, le parc des expositions situ\u00e9 \u00e0 Aussonne, pour<strong> l\u2019\u00e9dition du Salon Auto Moto Classic 2026 <\/strong>du vendredi 4 au dimanche 6 septembre.<\/p>\n<p class=\" wall-content\">Au programme, <strong>250 exposants et plus de 2 500 v\u00e9hicules pr\u00e9sent\u00e9s<\/strong>. Parmi eux, <strong>une star qui ne manquera pas d\u2019attirer les curieux<\/strong> : une voiture de l\u00e9gende ayant appartenu\u2026 \u00e0 une l\u00e9gende de la musique :<strong> Johnny Hallyday<\/strong>.<\/p>\n<p>Une AC Cobra mythique<\/p>\n<p class=\" wall-content\"><strong>Une exclusivit\u00e9, pr\u00e9sente l\u2019organisation<\/strong>. <a href=\"https:\/\/actu.fr\/auvergne-rhone-alpes\/lyon_69123\/un-film-biopic-de-johnny-hallyday-bientot-en-tournage-a-lyon-des-figurants-recherches_64712808.html\" rel=\"nofollow noopener\" target=\"_blank\">Johnny Hallyday, star de la chanson<\/a>, mais aussi grand collectionneur de v\u00e9hicules d\u2019exception, sur deux roues comme sur quatre, poss\u00e9dait <strong>une AC Cobra<\/strong> rest\u00e9e dans la famille du chanteur et qu\u2019il \u00ab\u00a0conduisait r\u00e9guli\u00e8rement dans les rues de Los Angeles\u00a0\u00bb, d\u00e9taillent les organisateurs du Salon.<\/p>\n<p class=\" wall-content\">Le bolide a \u00e9t\u00e9 cach\u00e9 \u00ab\u00a0dans un endroit bien gard\u00e9\u00a0\u00bb et sera, pour \u00ab\u00a0la deuxi\u00e8me fois seulement\u00a0\u00bb, pr\u00e9sent\u00e9 au public depuis la disparition de la star, fin 2017.<\/p>\n<p class=\" wall-content\">Les visiteurs retrouveront \u00e9galement <strong>plusieurs plateaux consacr\u00e9s aux automobiles italiennes, \u00e0 l\u2019aventure Citro\u00ebn<\/strong> en comp\u00e9tition, aux Hot Rod, aux Youngtimers ou encore <strong>une s\u00e9lection exceptionnelle de Coccinelles et Combi Volkswagen<\/strong>.<\/p>\n<p class=\" wall-content\"><strong>L\u2019univers moto prendra de l\u2019ampleur<\/strong> avec une exposition d\u00e9di\u00e9e aux cyclos sportifs des ann\u00e9es 1960 \u00e0 1980, un plateau consacr\u00e9 aux motos de comp\u00e9tition historiques et la pr\u00e9sence de nouveaux clubs et professionnels sp\u00e9cialis\u00e9s.<\/p>\n<p>Vid\u00e9os : en ce moment sur ActuUne vente aux ench\u00e8res de v\u00e9hicules de collection<\/p>\n<p class=\" wall-content\">Autre grand temps fort de cette nouvelle \u00e9dition : <strong>le retour de la vente aux ench\u00e8res de v\u00e9hicules de collection<\/strong>. \u00ab\u00a0Exclusivement compos\u00e9e de v\u00e9hicules issus de collections particuli\u00e8res, cette vente r\u00e9unira automobiles, motos et scooters de diff\u00e9rentes \u00e9poques, de l\u2019avant-guerre aux youngtimers, [des voitures \u00e2g\u00e9es de 20 \u00e0 30 ans, NDLR]\u00a0\u00bb, d\u00e9taille l\u2019organisation.<\/p>\n<p class=\" wall-content\">Parmi les premiers mod\u00e8les d\u00e9j\u00e0 annonc\u00e9s, <strong>une Citro\u00ebn Rosalie, une Mercedes 280 SL, une Jaguar XJ6, une Porsche <\/strong><strong>924, une BMW R100 GS, une Yamaha XT 500 ou encore une Vespa 150 GL.<\/strong><\/p>\n<p class=\" wall-content\">\u00ab\u00a0Cette vente constituera une opportunit\u00e9 unique pour les collectionneurs, comme pour les visiteurs, de d\u00e9couvrir des v\u00e9hicules rarement propos\u00e9s sur le march\u00e9.\u00a0\u00bb L\u2019exposition aura lieu d\u00e8s le vendredi, \u00e0 partir de 14 heures ; tandis que la vente se fera le dimanche, \u00e0 15 heures.<\/p>\n<p>Plong\u00e9e dans l\u2019univers auto des USA<\/p>\n<p class=\" wall-content\">Comme chaque ann\u00e9e, les v\u00e9hicules outre-Atlantique auront toute leur place. <strong>Plus de 1 200 bolides seront pr\u00e9sent\u00e9s<\/strong> lors de l\u2019American Day qui se tiendra sur les espaces ext\u00e9rieurs du MEETT, le samedi et dimanche.<\/p>\n<p class=\" wall-content\">Au programme : concerts, danse, animations, camp militaire reconstitu\u00e9, food trucks et village US. Le public pourra rencontrer plusieurs personnalit\u00e9s, parmi lesquelles<strong> Gerry Blyenberg<\/strong>, animateur de l\u2019\u00e9mission \u00ab\u00a0Wheeler Dealers France\u00a0\u00bb, <strong>Sandy GLT<\/strong>, influenceuse automobile, <strong>Eddy Torres<\/strong>, ainsi qu\u2019<strong>Alexandre Claudin<\/strong>, pilote de drift professionnel.<\/p>\n<p class=\" wall-content\">Tous participeront \u00e0 la remise des troph\u00e9es r\u00e9compensant les plus beaux customs et les plus beaux v\u00e9hicules d\u2019origine.\u00a0<\/p>\n<p>Volkswagen Coccinelle, Dodge Charger : des mod\u00e8les mythiques c\u00e9l\u00e9br\u00e9s\u00a0<\/p>\n<p class=\" wall-content\">Par ailleurs, le Salon retracera <strong>l\u2019histoire de l\u2019automobile<\/strong> \u00e0 travers des expositions th\u00e9matiques. L\u2019un des fils conducteurs de cette \u00e9dition 2026 : <strong>la mythique route 66<\/strong> dont le centenaire sera c\u00e9l\u00e9br\u00e9 cette ann\u00e9e. Elle partagera l\u2019affiche avec<strong> la Route Nationale 7<\/strong> qui a reli\u00e9 \u00e0 son apog\u00e9e Paris \u00e0 Menton, fameux symbole des d\u00e9parts en vacances en France.<\/p>\n<p class=\" wall-content\">Plusieurs anniversaires embl\u00e9matiques seront c\u00e9l\u00e9br\u00e9s :<strong> les 110 ans de BMW<\/strong>, <strong>les 80 ans de la Volkswagen Coccinelle<\/strong> ou encore <strong>les 60 ans de la Dodge Charger<\/strong>, ic\u00f4ne du muscle car am\u00e9ricain.<\/p>\n<p class=\" wall-content\">Avec un tel programme, les organisateurs esp\u00e8rent bien battre des records de fr\u00e9quentation. <strong>28 500 visiteurs s\u2019\u00e9taient d\u00e9j\u00e0 donn\u00e9 rendez-vous pour l\u2019\u00e9dition 2025<\/strong>.<\/p>\n<p class=\" wall-content\"><a href=\"https:\/\/www.instagram.com\/p\/Dcqz7UiAP1v\/embed\" title=\"Ouvrir le lien sur Instagram\" rel=\"nofollow noopener\" target=\"_blank\">Visualiser le contenu sur Instagram<\/a><\/p>\n<p><strong>Infos pratiques<\/strong><br \/>\nSalon Auto Moto Classic 2026<br \/>\nDu vendredi 4 au dimanche 6 septembre au MEETT, Concorde Avenue \u00e0 Aussonne.<br \/>\nHoraires : de 14 heures \u00e0 21 heures (nocturne) le vendredi ; de 10 heures \u00e0 19h30 le samedi ; de 10 heures \u00e0 18h30 le dimanche.<br \/>\nTarif web : billet pour une entr\u00e9e \u00e0 11 euros. Billet 2 jours : 18 euros. Billet 3 jours : 22 euros.<br \/><a href=\"https:\/\/www.automoto-classic.com\/\" rel=\"nofollow noopener\" target=\"_blank\">Plus d\u2019informations sur le programme \u00e0 lire ici<\/a>.<\/p>\n<p class=\" wall-content\">Personnalisez votre actualit\u00e9 en ajoutant vos villes et m\u00e9dias en favori avec <a href=\"https:\/\/moncompte.actu.fr\" title=\"D\u00e9couvez Mon Actu\" rel=\"nofollow noopener\" data-trk=\"{&quot;cta&quot;:{&quot;action&quot;:&quot;https:\\\/\\\/moncompte.actu.fr&quot;,&quot;category&quot;:&quot;mon compte&quot;,&quot;from&quot;:&quot;article footer&quot;,&quot;name&quot;:&quot;Mon actu&quot;,&quot;type&quot;:&quot;cta&quot;}}\" target=\"_blank\">Mon Actu<\/a>.<\/p>\n<p>                    <script async src=\"\/\/www.instagram.com\/embed.js\"><\/script><\/p>\n","protected":false},"excerpt":{"rendered":"Par Marie Lamarque Publi\u00e9 le 2 sept. 2026 \u00e0 17h14 Toulouse, capitale de l\u2019a\u00e9ronautique, deviendra, le temps d\u2019un&hellip;\n","protected":false},"author":2,"featured_media":1164145,"comment_status":"","ping_status":"","sticky":false,"template":"","format":"standard","meta":{"footnotes":"","_share_on_mastodon":"0"},"categories":[2816],"tags":[1111,11,646,1777,674,1011,27,12,2680,25,104,2312],"class_list":["post-1164144","post","type-post","status-publish","format-standard","has-post-thumbnail","category-toulouse","tag-actu","tag-actualites","tag-automobile","tag-eu","tag-europe","tag-fr","tag-france","tag-news","tag-occitanie","tag-republique-francaise","tag-societe","tag-toulouse"],"share_on_mastodon":{"url":"https:\/\/pubeurope.com\/@fr\/117204690495251223","error":""},"_links":{"self":[{"href":"https:\/\/www.europesays.com\/fr\/wp-json\/wp\/v2\/posts\/1164144","targetHints":{"allow":["GET"]}}],"collection":[{"href":"https:\/\/www.europesays.com\/fr\/wp-json\/wp\/v2\/posts"}],"about":[{"href":"https:\/\/www.europesays.com\/fr\/wp-json\/wp\/v2\/types\/post"}],"author":[{"embeddable":true,"href":"https:\/\/www.europesays.com\/fr\/wp-json\/wp\/v2\/users\/2"}],"replies":[{"embeddable":true,"href":"https:\/\/www.europesays.com\/fr\/wp-json\/wp\/v2\/comments?post=1164144"}],"version-history":[{"count":0,"href":"https:\/\/www.europesays.com\/fr\/wp-json\/wp\/v2\/posts\/1164144\/revisions"}],"wp:featuredmedia":[{"embeddable":true,"href":"https:\/\/www.europesays.com\/fr\/wp-json\/wp\/v2\/media\/1164145"}],"wp:attachment":[{"href":"https:\/\/www.europesays.com\/fr\/wp-json\/wp\/v2\/media?parent=1164144"}],"wp:term":[{"taxonomy":"category","embeddable":true,"href":"https:\/\/www.europesays.com\/fr\/wp-json\/wp\/v2\/categories?post=1164144"},{"taxonomy":"post_tag","embeddable":true,"href":"https:\/\/www.europesays.com\/fr\/wp-json\/wp\/v2\/tags?post=1164144"}],"curies":[{"name":"wp","href":"https:\/\/api.w.org\/{rel}","templated":true}]}}