{"id":116415,"date":"2025-05-21T08:36:14","date_gmt":"2025-05-21T08:36:14","guid":{"rendered":"https:\/\/www.europesays.com\/fr\/116415\/"},"modified":"2025-05-21T08:36:14","modified_gmt":"2025-05-21T08:36:14","slug":"la-creation-lyonnaise-a-lhonneur-dun-grand-marche","status":"publish","type":"post","link":"https:\/\/www.europesays.com\/fr\/116415\/","title":{"rendered":"La cr\u00e9ation lyonnaise \u00e0 l&rsquo;honneur d&rsquo;un grand march\u00e9"},"content":{"rendered":"<p itemprop=\"description\"><strong>Un bon plan pour le d\u00e9but du week-end.<\/strong><\/p>\n<p>Direction In-Sted dans le 3e arrondissement de Lyon o\u00f9 se d\u00e9roulera ce samedi un grand march\u00e9 de cr\u00e9ateurs. L\u2019association Audacieux Festival est \u00e0 l\u2019origine de la troisi\u00e8me \u00e9dition de l\u2019\u00e9v\u00e8nement qui r\u00e9unira une vingtaine de cr\u00e9atrices et cr\u00e9ateurs \u00e9mergents lyonnais. Ces derniers pr\u00e9senteront leur travail sur le th\u00e8me du souvenir.<\/p>\n<p>Il sera par exemple possible de d\u00e9couvrir des illustrations, des bijoux, des c\u00e9ramiques, du textile ou encore des sculptures. A noter \u00e9galement un DJ set en continu, une buvette, plusieurs stands de restauration sur place ainsi qu\u2019un espace photo pour repartir avec son souvenir de ce march\u00e9 de cr\u00e9ateurs.<\/p>\n<p>Le rendez-vous est donn\u00e9 ce samedi 24 mai de 10h \u00e0 19h \u00e0 In-Sted, 6 rue de la Part-Dieu (Lyon 3).<\/p>\n","protected":false},"excerpt":{"rendered":"Un bon plan pour le d\u00e9but du week-end. Direction In-Sted dans le 3e arrondissement de Lyon o\u00f9 se&hellip;\n","protected":false},"author":2,"featured_media":116416,"comment_status":"","ping_status":"","sticky":false,"template":"","format":"standard","meta":{"footnotes":""},"categories":[1889],"tags":[1111,11,2813,2190,2430,1109,251,1112,2811,1777,674,118,1294,4651,1011,27,1922,1110,1114,2428,4903,4902,12,241,316,25,2812,517,800],"class_list":{"0":"post-116415","1":"post","2":"type-post","3":"status-publish","4":"format-standard","5":"has-post-thumbnail","7":"category-lyon","8":"tag-actu","9":"tag-actualites","10":"tag-article","11":"tag-asvel","12":"tag-auvergne-rhone-alpes","13":"tag-breves","14":"tag-culture","15":"tag-depeches","16":"tag-economique","17":"tag-eu","18":"tag-europe","19":"tag-faits-divers","20":"tag-femme","21":"tag-femmes","22":"tag-fr","23":"tag-france","24":"tag-info","25":"tag-informations","26":"tag-infos","27":"tag-lyon","28":"tag-lyonfemme","29":"tag-lyonfemmes","30":"tag-news","31":"tag-ol","32":"tag-politique","33":"tag-republique-francaise","34":"tag-sociale","35":"tag-sport","36":"tag-transports"},"share_on_mastodon":{"url":"https:\/\/pubeurope.com\/@fr\/114544914248835396","error":""},"_links":{"self":[{"href":"https:\/\/www.europesays.com\/fr\/wp-json\/wp\/v2\/posts\/116415","targetHints":{"allow":["GET"]}}],"collection":[{"href":"https:\/\/www.europesays.com\/fr\/wp-json\/wp\/v2\/posts"}],"about":[{"href":"https:\/\/www.europesays.com\/fr\/wp-json\/wp\/v2\/types\/post"}],"author":[{"embeddable":true,"href":"https:\/\/www.europesays.com\/fr\/wp-json\/wp\/v2\/users\/2"}],"replies":[{"embeddable":true,"href":"https:\/\/www.europesays.com\/fr\/wp-json\/wp\/v2\/comments?post=116415"}],"version-history":[{"count":0,"href":"https:\/\/www.europesays.com\/fr\/wp-json\/wp\/v2\/posts\/116415\/revisions"}],"wp:featuredmedia":[{"embeddable":true,"href":"https:\/\/www.europesays.com\/fr\/wp-json\/wp\/v2\/media\/116416"}],"wp:attachment":[{"href":"https:\/\/www.europesays.com\/fr\/wp-json\/wp\/v2\/media?parent=116415"}],"wp:term":[{"taxonomy":"category","embeddable":true,"href":"https:\/\/www.europesays.com\/fr\/wp-json\/wp\/v2\/categories?post=116415"},{"taxonomy":"post_tag","embeddable":true,"href":"https:\/\/www.europesays.com\/fr\/wp-json\/wp\/v2\/tags?post=116415"}],"curies":[{"name":"wp","href":"https:\/\/api.w.org\/{rel}","templated":true}]}}