{"id":1164152,"date":"2026-09-03T02:17:30","date_gmt":"2026-09-03T02:17:30","guid":{"rendered":"https:\/\/www.europesays.com\/fr\/1164152\/"},"modified":"2026-09-03T02:17:30","modified_gmt":"2026-09-03T02:17:30","slug":"centre-de-loisirs-associations-clubs-sportifs-ou-inscrire-les-petits-marseillais-le-mercredi","status":"publish","type":"post","link":"https:\/\/www.europesays.com\/fr\/1164152\/","title":{"rendered":"Centre de loisirs, associations, clubs sportifs\u2026 o\u00f9 inscrire les petits Marseillais le mercredi ?"},"content":{"rendered":"<p>C\u2019est ce que l\u2019on appelle le temps extrascolaire\u00a0; le temps qui se passe en dehors des jours et horaires scolaires. En opposition \u00e0 ce que l\u2019on appelle <a href=\"https:\/\/www.laprovence.com\/article\/societe\/56588094530722\/periscolaire-comment-la-rentree-2026-va-se-passer-dans-les-470-ecoles-de-marseille\" target=\"_self\" rel=\"nofollow noopener\">temps p\u00e9riscolaire<\/a>, qui lui, encadre l\u2019enfant les jours o\u00f9 il va \u00e0 l\u2019\u00e9cole, autour des heures de classe comme l\u2019accueil du matin ou la pause m\u00e9ridienne.<\/p>\n<p>Concernant l\u2019offre \u00e0 Marseille, il est possible de trouver des <a href=\"https:\/\/www.laprovence.com\/article\/region\/4644810250600314\/500-associations-presentes-pour-seduire-les-marseillais-au-festival-vivacite-dimanchehttps:\/\/www.laprovence.com\/article\/societe\/300129623775415\/ca-leur-ouvre-l-esprit-a-marseille-150-minots-inities-aux-activites-nautiques\" target=\"_self\" rel=\"nofollow noopener\">activit\u00e9s sportives et culturelles<\/a> directement aupr\u00e8s des associations concern\u00e9es. La Maison des associations sur la Canebi\u00e8re (1er) est un lieu utile pour faire vos recherches et consulter l\u2019offre disponible.<\/p>\n<p>\u00ab\u00a0On va s\u00fbrement l\u2019inscrire au KidiSport du <a href=\"https:\/\/marseille.asptt.com\/activity\/kidisport\/\" target=\"_self\" rel=\"nofollow noopener\">club omnisport de l\u2019Asptt<\/a>, nous r\u00e9pond Marine, maman d\u2019un petit gar\u00e7on. C\u2019est un budget de 350\u00a0euros par an pour une activit\u00e9. On a regard\u00e9 ce qui \u00e9tait dispo \u00e0 Marseille \u00e0 partir de 4\u00a0ans, plut\u00f4t le samedi que le mercredi parce que les grands-parents le gardent. On aurait pr\u00e9f\u00e9r\u00e9 avoir quelque chose d\u2019extrascolaire en semaine le soir mais il y a tr\u00e8s peu de choses pour les enfants de 4\u00a0ans.\u00a0\u00bb<\/p>\n<p>Certaines inscriptions se font uniquement en ligne comme pour l\u2019Asptt mais d\u2019autres se font sur place. \u00ab\u00a0J\u2019ai inscrit mon fils dans un club de rugby des quartiers Nord, explique Pierre, &#8230;<\/p>\n","protected":false},"excerpt":{"rendered":"C\u2019est ce que l\u2019on appelle le temps extrascolaire\u00a0; le temps qui se passe en dehors des jours et&hellip;\n","protected":false},"author":2,"featured_media":1164153,"comment_status":"","ping_status":"","sticky":false,"template":"","format":"standard","meta":{"footnotes":"","_share_on_mastodon":"0"},"categories":[2814],"tags":[5734,1111,11,4733,3335,4930,1777,674,1011,27,66126,151,1393,884,12,882,25,104,45052],"class_list":["post-1164152","post","type-post","status-publish","format-standard","has-post-thumbnail","category-marseille","tag-5734","tag-actu","tag-actualites","tag-associations","tag-centre","tag-clubs","tag-eu","tag-europe","tag-fr","tag-france","tag-inscrire","tag-les","tag-loisirs","tag-marseille","tag-news","tag-provence-alpes-cote-dazur","tag-republique-francaise","tag-societe","tag-sportifs"],"share_on_mastodon":{"url":"https:\/\/pubeurope.com\/@fr\/117204709701449664","error":""},"_links":{"self":[{"href":"https:\/\/www.europesays.com\/fr\/wp-json\/wp\/v2\/posts\/1164152","targetHints":{"allow":["GET"]}}],"collection":[{"href":"https:\/\/www.europesays.com\/fr\/wp-json\/wp\/v2\/posts"}],"about":[{"href":"https:\/\/www.europesays.com\/fr\/wp-json\/wp\/v2\/types\/post"}],"author":[{"embeddable":true,"href":"https:\/\/www.europesays.com\/fr\/wp-json\/wp\/v2\/users\/2"}],"replies":[{"embeddable":true,"href":"https:\/\/www.europesays.com\/fr\/wp-json\/wp\/v2\/comments?post=1164152"}],"version-history":[{"count":0,"href":"https:\/\/www.europesays.com\/fr\/wp-json\/wp\/v2\/posts\/1164152\/revisions"}],"wp:featuredmedia":[{"embeddable":true,"href":"https:\/\/www.europesays.com\/fr\/wp-json\/wp\/v2\/media\/1164153"}],"wp:attachment":[{"href":"https:\/\/www.europesays.com\/fr\/wp-json\/wp\/v2\/media?parent=1164152"}],"wp:term":[{"taxonomy":"category","embeddable":true,"href":"https:\/\/www.europesays.com\/fr\/wp-json\/wp\/v2\/categories?post=1164152"},{"taxonomy":"post_tag","embeddable":true,"href":"https:\/\/www.europesays.com\/fr\/wp-json\/wp\/v2\/tags?post=1164152"}],"curies":[{"name":"wp","href":"https:\/\/api.w.org\/{rel}","templated":true}]}}