{"id":1164174,"date":"2026-09-03T02:33:54","date_gmt":"2026-09-03T02:33:54","guid":{"rendered":"https:\/\/www.europesays.com\/fr\/1164174\/"},"modified":"2026-09-03T02:33:54","modified_gmt":"2026-09-03T02:33:54","slug":"usa-wall-street-ouvre-sur-une-note-prudente-dell-brille-apres-ses-previsions","status":"publish","type":"post","link":"https:\/\/www.europesays.com\/fr\/1164174\/","title":{"rendered":"USA: Wall Street ouvre sur une note prudente, Dell brille apr\u00e8s ses pr\u00e9visions"},"content":{"rendered":"<p>&#13;<br \/>\n            <img decoding=\"async\" src=\"https:\/\/www.europesays.com\/fr\/wp-content\/uploads\/2026\/05\/896-c.jpg\" alt=\"bourse Cac 40\"\/><\/p>\n<p>La Bourse de New York a d\u00e9but\u00e9 sur<br \/>\nune note prudente mercredi apr\u00e8s la nouvelle remont\u00e9e des taux<br \/>\nprovoqu\u00e9e par la flamb\u00e9e du p\u00e9trole \u00e0 la suite de la<br \/>\nreprise des hostilit\u00e9s entre les Etats-Unis et l&rsquo;Iran.<\/p>\n<p>En d\u00e9but de s\u00e9ance, apr\u00e8s deux s\u00e9ances de repli,<br \/>\nl&rsquo;<a href=\"https:\/\/www.abcbourse.com\/cotation\/DJIAx\" rel=\"nofollow noopener\" target=\"_blank\">indice Dow Jones<\/a> gagnait 0,4%, \u00e0 53.007 points tandis que le S&amp;P<br \/>\n500 prenait moins 0,1%, \u00e0 7.638 points. Pour sa part, l&rsquo;indice,<br \/>\nriche en valeurs technologiques, oscillait autour de l&rsquo;\u00e9quilibre,<br \/>\n\u00e0 26.098 points.<\/p>\n<p>Les Etats-Unis ont de nouveau frapp\u00e9 l&rsquo;Iran mardi et<br \/>\nT\u00e9h\u00e9ran a ripost\u00e9 en visant des bases am\u00e9ricaines<br \/>\ndans le Golfe. Alors qu&rsquo;un calme pr\u00e9caire pr\u00e9vaut au<br \/>\nMoyen-Orient \u00e0 la mi-s\u00e9ance, les cours de l&rsquo;or noir se<br \/>\nstabilisaient apr\u00e8s leur bond de mardi. Le contrat d&rsquo;octobre sur le<br \/>\nbrut l\u00e9ger doux (WTI) cot\u00e9 au Nymex reculait de 0,6% pour<br \/>\nrepasser sous la barre des 90 dollars.<\/p>\n<p>Les tensions sur les taux s&rsquo;apaisent \u00e9galement quelque peu mais<br \/>\nrestent en toile de fond en raison des craintes d&rsquo;inflation et du niveau<br \/>\n\u00e9lev\u00e9 de l&rsquo;endettement de nombreux Etats. Aux Etats-Unis, le<br \/>\ntaux du bon du Tr\u00e9sor \u00e0 10 ans reculait de 1 points de base<br \/>\n(0,01 point de pourcentage), \u00e0 pr\u00e8s de 4,79%.<\/p>\n<p>Un des plus hauts responsables de la Fed a estim\u00e9 mercredi que les<br \/>\nrendements des obligations \u00e0 long terme \u00e9taient principalement<br \/>\ntir\u00e9s par la vigueur g\u00e9n\u00e9rale de l&rsquo;\u00e9conomie<br \/>\nam\u00e9ricaine et les importantes d\u00e9penses d&rsquo;investissement dans<br \/>\nl&rsquo;intelligence artificielle (IA) qui font augmenter les co\u00fbts de<br \/>\nfinancement. \u00ab\u00a0Il ne s&rsquo;agit pas vraiment des conditions financi\u00e8res<br \/>\nqui affectent l&rsquo;\u00e9conomie, mais de l&rsquo;\u00e9conomie qui affecte les<br \/>\nconditions financi\u00e8res\u00a0\u00bb, a indiqu\u00e9 le pr\u00e9sident de la Fed<br \/>\nde New York, John Williams, dans un entretien \u00e0 CNBC. L&rsquo;inflation<br \/>\nde base est peut-\u00eatre sup\u00e9rieure \u00e0 l&rsquo;objectif, mais cet<br \/>\nexc\u00e9dent est d\u00fb \u00e0 la hausse des prix de l&rsquo;\u00e9nergie<br \/>\nli\u00e9e au conflit au Moyen-Orient et aux tarifs douaniers, a-t-il<br \/>\najout\u00e9.<\/p>\n<p>Les entreprises am\u00e9ricaines ont continu\u00e9 de cr\u00e9er des<br \/>\nemplois en ao\u00fbt mais \u00e0 un rythme faible et moins<br \/>\n\u00e9lev\u00e9 que pr\u00e9vu, selon le rapport publi\u00e9 mercredi<br \/>\npar Automatic Data Processing (ADP) et Moody&rsquo;s Analytics. Le secteur<br \/>\npriv\u00e9 am\u00e9ricain a cr\u00e9\u00e9 38.000 emplois nets le mois<br \/>\ndernier, contre 46.000 en juillet, en donn\u00e9es r\u00e9vis\u00e9es.<br \/>\nIl s&rsquo;agit du chiffre mensuel le plus bas depuis janvier, a<br \/>\npr\u00e9cis\u00e9 ADP. Les \u00e9conomistes interrog\u00e9s par le Wall<br \/>\nStreet Journal tablaient sur la cr\u00e9ation de 47.000 postes en<br \/>\nao\u00fbt.<\/p>\n<p>Du c\u00f4t\u00e9 des valeurs, Dell bondit de plus de 10% en d\u00e9but<br \/>\nde s\u00e9ance gr\u00e2ce au rel\u00e8vement de ses objectifs annuels<br \/>\n\u00e0 la faveur de robustes commandes de serveurs pour l&rsquo;intelligence<br \/>\nartificielle (IA) au trimestre \u00e9coul\u00e9. Les comptes de Broadcom<br \/>\n(-1%), autre grand gagnant du boom de l&rsquo;IA, seront publi\u00e9s<br \/>\napr\u00e8s la cl\u00f4ture de <a href=\"https:\/\/www.abcbourse.com\/cotation\/DJIAx\" rel=\"nofollow noopener\" target=\"_blank\">Wall Street<\/a>.<\/p>\n<p>Sur le march\u00e9 des changes, l&rsquo;indice DXY, qui mesure la valeur du<br \/>\nbillet vert face \u00e0 un panier de devises, reflue de 0,1%, \u00e0<br \/>\n99,59 points.<\/p>\n<p>EVENEMENTS A VENIR:<\/p>\n<p>16h00: commandes aux usines en juillet<\/p>\n<p>16h30: stocks hebdomadaires de p\u00e9trole<\/p>\n<p>20h00: livre beige de la Fed<\/p>\n<p>Agefi-Dow Jones The financial newswire<\/p>\n<p>&#13;<br \/>\n            &#13;<\/p>\n<p>Vous avez aim\u00e9 cet article ? Partagez-le avec vos amis avec les boutons ci-dessous.<\/p>\n","protected":false},"excerpt":{"rendered":"&#13; La Bourse de New York a d\u00e9but\u00e9 sur une note prudente mercredi apr\u00e8s la nouvelle remont\u00e9e des&hellip;\n","protected":false},"author":2,"featured_media":904530,"comment_status":"","ping_status":"","sticky":false,"template":"","format":"standard","meta":{"footnotes":"","_share_on_mastodon":"0"},"categories":[1589],"tags":[11,73,1866,12,1864,1865,1863,308],"class_list":["post-1164174","post","type-post","status-publish","format-standard","has-post-thumbnail","category-etats-unis","tag-actualites","tag-etats-unis","tag-etats-unis-damerique","tag-news","tag-united-states","tag-united-states-of-america","tag-us","tag-usa"],"share_on_mastodon":{"url":"https:\/\/pubeurope.com\/@fr\/117204778569413936","error":""},"_links":{"self":[{"href":"https:\/\/www.europesays.com\/fr\/wp-json\/wp\/v2\/posts\/1164174","targetHints":{"allow":["GET"]}}],"collection":[{"href":"https:\/\/www.europesays.com\/fr\/wp-json\/wp\/v2\/posts"}],"about":[{"href":"https:\/\/www.europesays.com\/fr\/wp-json\/wp\/v2\/types\/post"}],"author":[{"embeddable":true,"href":"https:\/\/www.europesays.com\/fr\/wp-json\/wp\/v2\/users\/2"}],"replies":[{"embeddable":true,"href":"https:\/\/www.europesays.com\/fr\/wp-json\/wp\/v2\/comments?post=1164174"}],"version-history":[{"count":0,"href":"https:\/\/www.europesays.com\/fr\/wp-json\/wp\/v2\/posts\/1164174\/revisions"}],"wp:featuredmedia":[{"embeddable":true,"href":"https:\/\/www.europesays.com\/fr\/wp-json\/wp\/v2\/media\/904530"}],"wp:attachment":[{"href":"https:\/\/www.europesays.com\/fr\/wp-json\/wp\/v2\/media?parent=1164174"}],"wp:term":[{"taxonomy":"category","embeddable":true,"href":"https:\/\/www.europesays.com\/fr\/wp-json\/wp\/v2\/categories?post=1164174"},{"taxonomy":"post_tag","embeddable":true,"href":"https:\/\/www.europesays.com\/fr\/wp-json\/wp\/v2\/tags?post=1164174"}],"curies":[{"name":"wp","href":"https:\/\/api.w.org\/{rel}","templated":true}]}}