{"id":1164181,"date":"2026-09-03T02:38:33","date_gmt":"2026-09-03T02:38:33","guid":{"rendered":"https:\/\/www.europesays.com\/fr\/1164181\/"},"modified":"2026-09-03T02:38:33","modified_gmt":"2026-09-03T02:38:33","slug":"lue-accroit-la-pression-sur-la-russie-par-le-biais-de-sanctions-et-promet-un-soutien-accru-a-lukraine","status":"publish","type":"post","link":"https:\/\/www.europesays.com\/fr\/1164181\/","title":{"rendered":"L&rsquo;UE accro\u00eet la pression sur la Russie par le biais de sanctions et promet un soutien accru \u00e0 l&rsquo;Ukraine."},"content":{"rendered":"<p><img decoding=\"async\" style=\"cursor:pointer\" src=\"https:\/\/www.europesays.com\/fr\/wp-content\/uploads\/2026\/09\/kallas.jpg\" data-original=\"https:\/\/www.europesays.com\/fr\/wp-content\/uploads\/2026\/09\/kallas.jpg\" alt=\"kallas.jpg\" src-mobile=\"\" data-file-id=\"486003\"\/> La haute repr\u00e9sentante de l&rsquo;Union europ\u00e9enne pour les affaires \u00e9trang\u00e8res et la politique de s\u00e9curit\u00e9, Kaja Kallas, s&rsquo;exprime \u00e0 l&rsquo;issue d&rsquo;une r\u00e9union informelle des ministres <a class=\"data-link\" data-org-href=\"https:\/\/www.vietnam.vn\/fr\/category\/ngoai-giao\" href=\"https:\/\/www.vietnam.vn\/fr\/category\/ngoai-giao\" title=\"diplomatique\" target=\"_blank\" rel=\"nofollow noopener\">des Affaires \u00e9trang\u00e8res<\/a> de l&rsquo;UE en Irlande. Photo\u00a0: Reuters<\/p>\n<p> Une r\u00e9union informelle des ministres des Affaires \u00e9trang\u00e8res de l&rsquo;UE s&rsquo;est tenue en Irlande le 2 septembre.<\/p>\n<p> \u00c0 l&rsquo;issue de la r\u00e9union, la Haute Repr\u00e9sentante de l&rsquo;Union europ\u00e9enne pour les affaires \u00e9trang\u00e8res et la politique de s\u00e9curit\u00e9, Kaja Kallas, a indiqu\u00e9 que la Commission europ\u00e9enne et le Service europ\u00e9en pour l&rsquo;action ext\u00e9rieure \u00e9laboraient des propositions visant \u00e0 renforcer le contr\u00f4le du respect des sanctions impos\u00e9es \u00e0 la Russie. Un nouveau train de mesures restrictives devrait s&rsquo;attacher \u00e0 limiter les sources d&rsquo;approvisionnement et de financement dont dispose la Russie pour maintenir sa capacit\u00e9 de production de missiles et ses \u00e9quipements de d\u00e9fense.<\/p>\n<p> D&rsquo;apr\u00e8s les documents en cours d&rsquo;examen, la liste des biens li\u00e9s au complexe <a class=\"data-link\" data-org-href=\"https:\/\/www.vietnam.vn\/fr\/category\/quan-su\" href=\"https:\/\/www.vietnam.vn\/fr\/category\/quan-su\" title=\"militaire\" target=\"_blank\" rel=\"nofollow noopener\">militaro<\/a> -industriel russe pourrait \u00eatre \u00e9tendue \u00e0 1\u00a0600 articles. Le projet de mesures devrait \u00eatre finalis\u00e9 en octobre, avant la prochaine r\u00e9union officielle des ministres des Affaires \u00e9trang\u00e8res de l&rsquo;UE.<\/p>\n<p> Lors de cette r\u00e9union, les \u00c9tats membres ont \u00e9galement \u00e9voqu\u00e9 la possibilit\u00e9 de durcir les conditions d&rsquo;obtention de visas pour les citoyens russes. Mme Kallas a indiqu\u00e9 qu&rsquo;il existait un \u00ab large soutien \u00bb aux propositions visant \u00e0 restreindre l&rsquo;entr\u00e9e dans l&rsquo;UE des citoyens russes ayant particip\u00e9 \u00e0 des op\u00e9rations de combat, tout en renfor\u00e7ant les contr\u00f4les sur <a class=\"data-link\" data-org-href=\"https:\/\/www.vietnam.vn\/fr\/du-lich\" href=\"https:\/\/www.vietnam.vn\/fr\/du-lich\" title=\"tourisme\" target=\"_blank\" rel=\"nofollow noopener\">les touristes<\/a> russes.<\/p>\n<p> Un autre point soulev\u00e9 par les ministres des Affaires \u00e9trang\u00e8res de l&rsquo;UE concernait la possibilit\u00e9 d&rsquo;utiliser les avoirs russes gel\u00e9s pour soutenir l&rsquo;Ukraine. Selon M. Kallas, certains ministres restent favorables \u00e0 cette id\u00e9e et les discussions se poursuivront prochainement.<\/p>\n<p> Outre les mesures de pression sur la Russie, les \u00c9tats membres de l&rsquo;UE se sont engag\u00e9s \u00e0 continuer de soutenir l&rsquo;Ukraine face aux attaques en cours.<\/p>\n<p> \u00c0 l&rsquo;issue de la r\u00e9union, l&rsquo;UE a annonc\u00e9 la fourniture d&rsquo;\u00e9quipements de d\u00e9fense a\u00e9rienne suppl\u00e9mentaires \u00e0 l&rsquo;Ukraine. Mme Kallas n&rsquo;a pas pr\u00e9cis\u00e9 quels pays contribueraient ni le montant de l&rsquo;aide, indiquant que les \u00c9tats membres annonceraient eux-m\u00eames leurs engagements.<\/p>\n<p> L&rsquo;UE est particuli\u00e8rement pr\u00e9occup\u00e9e par la capacit\u00e9 de l&rsquo;Ukraine \u00e0 maintenir ses exportations de c\u00e9r\u00e9ales via la mer Noire. Mme Kallas a averti que des difficult\u00e9s sur cette voie maritime pourraient accentuer les tensions sur la s\u00e9curit\u00e9 alimentaire mondiale, tandis que le transport maritime demeure le seul moyen pour l&rsquo;Ukraine d&rsquo;acheminer d&rsquo;importantes quantit\u00e9s de marchandises vers les march\u00e9s internationaux, sans alternative \u00e9quivalente.<\/p>\n<p> L&rsquo;UE \u00e9tudie des mesures pour soutenir les r\u00e9serves c\u00e9r\u00e9ali\u00e8res ukrainiennes tout en se pr\u00e9parant aux d\u00e9fis \u00e9nerg\u00e9tiques et logistiques qui se profilent \u00e0 l&rsquo;approche de l&rsquo;hiver. Selon des responsables europ\u00e9ens, la fourniture de pi\u00e8ces d\u00e9tach\u00e9es et de g\u00e9n\u00e9rateurs \u00e0 l&rsquo;Ukraine figure parmi les priorit\u00e9s avant l&rsquo;hiver, car le syst\u00e8me \u00e9nerg\u00e9tique et les infrastructures du pays restent sous tension.<\/p>\n<p class=\"align-right\"> Synth\u00e9tique<\/p>\n<p class=\"mb-0\"> Source : https:\/\/hanoimoi.vn\/eu-tang-suc-ep-trung-phat-nga-cam-ket-ho-tro-them-cho-ukraine-1705647.html<\/p>\n","protected":false},"excerpt":{"rendered":"La haute repr\u00e9sentante de l&rsquo;Union europ\u00e9enne pour les affaires \u00e9trang\u00e8res et la politique de s\u00e9curit\u00e9, Kaja Kallas, s&rsquo;exprime&hellip;\n","protected":false},"author":2,"featured_media":1164182,"comment_status":"","ping_status":"","sticky":false,"template":"","format":"standard","meta":{"footnotes":"","_share_on_mastodon":"0"},"categories":[1586],"tags":[11,64196,9491,119958,1777,674,1779,119959,1011,27,1146,119960,23791,21495,12,14113,18302,25,132,34377,7618,1778,220,364,4392],"class_list":["post-1164181","post","type-post","status-publish","format-standard","has-post-thumbnail","category-europe","tag-actualites","tag-citoyens-russes","tag-confinement","tag-equipement-de-defense-aerienne","tag-eu","tag-europe","tag-european-union","tag-exportations-de-cereales","tag-fr","tag-france","tag-guerre","tag-kaja-kalas","tag-limite","tag-mer-noire","tag-news","tag-orage","tag-punir","tag-republique-francaise","tag-russie","tag-securite-alimentaire","tag-soutien","tag-ue","tag-ukraine","tag-union-europeenne","tag-visa"],"share_on_mastodon":{"url":"https:\/\/pubeurope.com\/@fr\/117204793681104186","error":""},"_links":{"self":[{"href":"https:\/\/www.europesays.com\/fr\/wp-json\/wp\/v2\/posts\/1164181","targetHints":{"allow":["GET"]}}],"collection":[{"href":"https:\/\/www.europesays.com\/fr\/wp-json\/wp\/v2\/posts"}],"about":[{"href":"https:\/\/www.europesays.com\/fr\/wp-json\/wp\/v2\/types\/post"}],"author":[{"embeddable":true,"href":"https:\/\/www.europesays.com\/fr\/wp-json\/wp\/v2\/users\/2"}],"replies":[{"embeddable":true,"href":"https:\/\/www.europesays.com\/fr\/wp-json\/wp\/v2\/comments?post=1164181"}],"version-history":[{"count":0,"href":"https:\/\/www.europesays.com\/fr\/wp-json\/wp\/v2\/posts\/1164181\/revisions"}],"wp:featuredmedia":[{"embeddable":true,"href":"https:\/\/www.europesays.com\/fr\/wp-json\/wp\/v2\/media\/1164182"}],"wp:attachment":[{"href":"https:\/\/www.europesays.com\/fr\/wp-json\/wp\/v2\/media?parent=1164181"}],"wp:term":[{"taxonomy":"category","embeddable":true,"href":"https:\/\/www.europesays.com\/fr\/wp-json\/wp\/v2\/categories?post=1164181"},{"taxonomy":"post_tag","embeddable":true,"href":"https:\/\/www.europesays.com\/fr\/wp-json\/wp\/v2\/tags?post=1164181"}],"curies":[{"name":"wp","href":"https:\/\/api.w.org\/{rel}","templated":true}]}}