{"id":1164185,"date":"2026-09-03T02:41:16","date_gmt":"2026-09-03T02:41:16","guid":{"rendered":"https:\/\/www.europesays.com\/fr\/1164185\/"},"modified":"2026-09-03T02:41:16","modified_gmt":"2026-09-03T02:41:16","slug":"jai-hurle-il-va-mourir-il-va-mourir-meriem-bouchedda-elue-a-rillieux-la-pape-victime-dune-agression-raciste-avec-son-mari-en-marge-dol-le-havre","status":"publish","type":"post","link":"https:\/\/www.europesays.com\/fr\/1164185\/","title":{"rendered":"\u00ab J&rsquo;ai hurl\u00e9 : \u00ab\u00a0Il va mourir, il va mourir\u00a0\u00bb \u00bb : Meriem Bouchedda, \u00e9lue \u00e0 Rillieux-la-Pape, victime d&rsquo;une agression raciste avec son mari en marge d&rsquo;OL-Le Havre"},"content":{"rendered":"<p>\u00ab J&rsquo;ai hurl\u00e9 : \u00ab\u00a0Il va mourir, il va mourir\u00a0\u00bb \u00bb : Meriem Bouchedda, \u00e9lue \u00e0 Rillieux-la-Pape, victime d&rsquo;une agression raciste avec son mari en marge d&rsquo;OL-Le Havre<\/p>\n<p>Avant et apr\u00e8s la r\u00e9ception du Havre par l&rsquo;OL (1-1), samedi, de violents incidents, pour certains \u00e0 caract\u00e8re raciste, ont de nouveau \u00e9clat\u00e9 autour du Groupama Stadium. La justice est saisie, notamment du cas de Meriem Bouchedda, conseill\u00e8re municipale \u00e0 Rillieux-la-Pape, agress\u00e9e avec son mari \u00e0 l&rsquo;issue de la rencontre.<\/p>\n","protected":false},"excerpt":{"rendered":"\u00ab J&rsquo;ai hurl\u00e9 : \u00ab\u00a0Il va mourir, il va mourir\u00a0\u00bb \u00bb : Meriem Bouchedda, \u00e9lue \u00e0 Rillieux-la-Pape, victime&hellip;\n","protected":false},"author":2,"featured_media":1164186,"comment_status":"","ping_status":"","sticky":false,"template":"","format":"standard","meta":{"footnotes":"","_share_on_mastodon":"0"},"categories":[2],"tags":[11,86760,117460,63,1011,27,303,5162,66,2428,117958,12,86837,86880,25,105443,89300,104],"class_list":["post-1164185","post","type-post","status-publish","format-standard","has-post-thumbnail","category-actualites","tag-actualites","tag-actus-et-infos","tag-aller-2e-journee","tag-football","tag-fr","tag-france","tag-justice","tag-le-havre","tag-ligue-1","tag-lyon","tag-lyon-le-havre","tag-news","tag-payant","tag-provenance-lequipe-quotidien","tag-republique-francaise","tag-saison-2026-2027","tag-simon-bolle","tag-societe"],"share_on_mastodon":{"url":"https:\/\/pubeurope.com\/@fr\/117204804406776846","error":""},"_links":{"self":[{"href":"https:\/\/www.europesays.com\/fr\/wp-json\/wp\/v2\/posts\/1164185","targetHints":{"allow":["GET"]}}],"collection":[{"href":"https:\/\/www.europesays.com\/fr\/wp-json\/wp\/v2\/posts"}],"about":[{"href":"https:\/\/www.europesays.com\/fr\/wp-json\/wp\/v2\/types\/post"}],"author":[{"embeddable":true,"href":"https:\/\/www.europesays.com\/fr\/wp-json\/wp\/v2\/users\/2"}],"replies":[{"embeddable":true,"href":"https:\/\/www.europesays.com\/fr\/wp-json\/wp\/v2\/comments?post=1164185"}],"version-history":[{"count":0,"href":"https:\/\/www.europesays.com\/fr\/wp-json\/wp\/v2\/posts\/1164185\/revisions"}],"wp:featuredmedia":[{"embeddable":true,"href":"https:\/\/www.europesays.com\/fr\/wp-json\/wp\/v2\/media\/1164186"}],"wp:attachment":[{"href":"https:\/\/www.europesays.com\/fr\/wp-json\/wp\/v2\/media?parent=1164185"}],"wp:term":[{"taxonomy":"category","embeddable":true,"href":"https:\/\/www.europesays.com\/fr\/wp-json\/wp\/v2\/categories?post=1164185"},{"taxonomy":"post_tag","embeddable":true,"href":"https:\/\/www.europesays.com\/fr\/wp-json\/wp\/v2\/tags?post=1164185"}],"curies":[{"name":"wp","href":"https:\/\/api.w.org\/{rel}","templated":true}]}}