{"id":1164189,"date":"2026-09-03T02:45:28","date_gmt":"2026-09-03T02:45:28","guid":{"rendered":"https:\/\/www.europesays.com\/fr\/1164189\/"},"modified":"2026-09-03T02:45:28","modified_gmt":"2026-09-03T02:45:28","slug":"on-sait-quil-ny-aura-pas-dautres-chances-la-motivation-dantoine-dupont-deja-tourne-vers-la-coupe-du-monde-2027","status":"publish","type":"post","link":"https:\/\/www.europesays.com\/fr\/1164189\/","title":{"rendered":"\u00abOn sait qu\u2019il n\u2019y aura pas d\u2019autres chances\u00bb : la motivation d\u2019Antoine Dupont, d\u00e9j\u00e0 tourn\u00e9 vers la Coupe du monde 2027"},"content":{"rendered":"<p>\n    Au micro de RMC Sport et avant la reprise du Top 14, le capitaine du Stade Toulousain \u00e9voque le prochain Mondial, objectif ultime du rugby fran\u00e7ais.<\/p>\n<p class=\"fig-paragraph\">Antoine Dupont a d\u00e9j\u00e0 des fourmis dans les jambes. Et r\u00eave de l\u2019Australie. Au moment de d\u00e9buter une nouvelle saison sous les couleurs du\u00a0<a href=\"http:\/\/www.lefigaro.fr\/sports\/rugby\/top-14\/top-14-infondee-et-extremement-severe-le-stade-toulousain-reagit-a-sa-sanction-sur-le-salary-cap-20260831\" data-fig-type=\"NewsFlash\" data-gtm-custom-categorie=\"navigation\" data-gtm-custom-action=\"crossclick\" data-gtm-custom-label=\"Contextuel\" data-gtm-event=\"customEventSPE\" data-fig-domain=\"LEFIGARO\" rel=\"nofollow noopener\" target=\"_blank\">Stade Toulousain<\/a>\u00a0(qui se d\u00e9place sur la pelouse de La Rochelle, dimanche \u00e0 21h05), le demi de m\u00eal\u00e9e international s\u2019est livr\u00e9 sur l\u2019\u00e9ch\u00e9ance Coupe du monde (1er octobre-13 novembre 2027), dernier troph\u00e9e qui manque \u00e0 son palmar\u00e8s d\u00e9mesur\u00e9. \u00ab\u00c7a commence maintenant. D\u2019avoir le s\u00e9rieux, l\u2019exigence, la concentration pour \u00eatre performant en octobre 2027\u00bb, confie l\u2019int\u00e9ress\u00e9 au micro de\u00a0<a href=\"https:\/\/rmcsport.bfmtv.com\/rugby\/top-14\/le-dernier-objectif-pour-la-plupart-d-entre-nous-a-l-aube-de-sa-saison-la-coupe-du-monde-en-australie-dans-un-coin-de-la-tete-d-antoine-dupont_AV-202609020470.html\" target=\"_blank\" rel=\"nofollow noopener\" data-gtm-custom-categorie=\"navigation\" data-gtm-custom-action=\"crossclick\" data-gtm-custom-label=\"Contextuel\" data-gtm-event=\"customEventSPE\">RMC Sport<\/a> .<\/p>\n<p class=\"fig-paragraph\">Apr\u00e8s une saison rendue difficile par son retour de blessure et un manque d\u2019encha\u00eenement, le natif de Castelnau-Magnoac mesure l\u2019importance de l\u2019ann\u00e9e qui se pr\u00e9sente. \u00abOn a assez d\u2019objectifs \u00e0 court terme pour se projeter sur le moment pr\u00e9sent et arriver \u00e0 se concentrer sur les \u00e9ch\u00e9ances qui arrivent\u00bb. Et d\u2019ajouter\u00a0: \u00abOn a la Nations Cup en novembre, la Coupe d\u2019Europe en club et tout ce qui va s\u2019encha\u00eener, le Tournoi \u00e9galement. On a plein de petits objectifs \u00e0 court terme. Mais \u00e9videmment que dans un coin de la t\u00eate c\u2019est pour se pr\u00e9parer \u00e0 la Coupe du monde.\u00bb<\/p>\n<p class=\"fig-body-link\">\n            \u00c0 lire aussi<br \/>\n        <a class=\"fig-body-link__link fig-premium-mark\" href=\"http:\/\/www.lefigaro.fr\/sports\/rugby\/top-14\/jonathan-danty-se-retrouver-tous-les-jours-dans-son-canape-les-larmes-aux-yeux-20260831\" data-fig-type=\"NewsFlash\" data-gtm-custom-categorie=\"navigation\" data-gtm-custom-action=\"crossclick\" data-gtm-custom-label=\"Contextuel\" data-gtm-event=\"customEventSPE\" data-fig-domain=\"LEFIGARO\" rel=\"nofollow noopener\" target=\"_blank\"><br \/>\n                \u00abSe retrouver tous les jours dans son canap\u00e9, les larmes aux yeux&#8230;\u00bb\u00a0:\u00a0les confidences de Jonathan Danty, ancien centre du XV de France, onze mois apr\u00e8s sa grave blessure<br \/>\n    <\/a>\n<\/p>\n<p>                                            <a class=\"fig-a11y-skip\" href=\"#fig-a11y-skip-main-inarticle\" is=\"fig-a11y-skip\" data-trigger-mode=\"visible-once\"><br \/>\n    Passer la publicit\u00e9<br \/>\n<\/a>            <\/p>\n<p>                                            \u00abJe pense que toute notre g\u00e9n\u00e9ration, on a manqu\u00e9 le rendez-vous de 2023\u00bb<\/p>\n<p class=\"fig-paragraph\">Trois ans apr\u00e8s le traumatisme de l\u2019\u00e9limination en quart de finale face \u00e0 l\u2019Afrique du Sud, le capitaine du XV de France ne manque pas de motivation\u00a0: \u00abJe pense que toute notre g\u00e9n\u00e9ration, on a manqu\u00e9 le rendez-vous de 2023. L\u00e0 on aura la chance, l\u2019opportunit\u00e9 j\u2019esp\u00e8re, de faire mieux. \u00c9videmment qu\u2019on a tous cet objectif-l\u00e0 en t\u00eate et pour la plupart, c\u2019est peut-\u00eatre notre dernier aussi. Donc on sait qu\u2019il n\u2019y aura pas d\u2019autres chances et j\u2019esp\u00e8re que \u00e7a nous motivera \u00e0 ne pas nous mettre une pression suppl\u00e9mentaire, mais au contraire nous donner plus d\u2019\u00e9nergie et de niaque pour aller la chercher.\u00bb<\/p>\n<p class=\"fig-paragraph\">Et les \u00c9tats-Unis, en 2031\u00a0? Celui qui aura alors 34 ans se veut prudent\u00a0: \u00abLes jambes seront diff\u00e9rentes, l\u2019\u00e2ge sera avanc\u00e9. Donc j\u2019esp\u00e8re pouvoir la faire, mais on ne peut pas savoir de quoi demain est fait. Alors autant \u00eatre dans le pr\u00e9sent pour le moment.\u00bb<\/p>\n","protected":false},"excerpt":{"rendered":"Au micro de RMC Sport et avant la reprise du Top 14, le capitaine du Stade Toulousain \u00e9voque&hellip;\n","protected":false},"author":2,"featured_media":1164190,"comment_status":"","ping_status":"","sticky":false,"template":"","format":"standard","meta":{"footnotes":"","_share_on_mastodon":"0"},"categories":[1416],"tags":[514,1011,27,479,1468,60,513],"class_list":["post-1164189","post","type-post","status-publish","format-standard","has-post-thumbnail","category-rugby","tag-antoine-dupont","tag-fr","tag-france","tag-rugby","tag-rugby-football","tag-sports","tag-xv-de-france"],"share_on_mastodon":{"url":"https:\/\/pubeurope.com\/@fr\/117204819883512384","error":""},"_links":{"self":[{"href":"https:\/\/www.europesays.com\/fr\/wp-json\/wp\/v2\/posts\/1164189","targetHints":{"allow":["GET"]}}],"collection":[{"href":"https:\/\/www.europesays.com\/fr\/wp-json\/wp\/v2\/posts"}],"about":[{"href":"https:\/\/www.europesays.com\/fr\/wp-json\/wp\/v2\/types\/post"}],"author":[{"embeddable":true,"href":"https:\/\/www.europesays.com\/fr\/wp-json\/wp\/v2\/users\/2"}],"replies":[{"embeddable":true,"href":"https:\/\/www.europesays.com\/fr\/wp-json\/wp\/v2\/comments?post=1164189"}],"version-history":[{"count":0,"href":"https:\/\/www.europesays.com\/fr\/wp-json\/wp\/v2\/posts\/1164189\/revisions"}],"wp:featuredmedia":[{"embeddable":true,"href":"https:\/\/www.europesays.com\/fr\/wp-json\/wp\/v2\/media\/1164190"}],"wp:attachment":[{"href":"https:\/\/www.europesays.com\/fr\/wp-json\/wp\/v2\/media?parent=1164189"}],"wp:term":[{"taxonomy":"category","embeddable":true,"href":"https:\/\/www.europesays.com\/fr\/wp-json\/wp\/v2\/categories?post=1164189"},{"taxonomy":"post_tag","embeddable":true,"href":"https:\/\/www.europesays.com\/fr\/wp-json\/wp\/v2\/tags?post=1164189"}],"curies":[{"name":"wp","href":"https:\/\/api.w.org\/{rel}","templated":true}]}}