{"id":116419,"date":"2025-05-21T08:38:08","date_gmt":"2025-05-21T08:38:08","guid":{"rendered":"https:\/\/www.europesays.com\/fr\/116419\/"},"modified":"2025-05-21T08:38:08","modified_gmt":"2025-05-21T08:38:08","slug":"vetements-courts-ile-de-france-la-ratp-a-tranche","status":"publish","type":"post","link":"https:\/\/www.europesays.com\/fr\/116419\/","title":{"rendered":"V\u00eatements courts, \u00cele-de-France : la RATP a tranch\u00e9"},"content":{"rendered":"<p><strong>La RATP se retrouve une nouvelle fois au centre d\u2019une pol\u00e9mique en \u00cele-de-France, cette fois-ci \u00e0 propos de v\u00eatements courts et d\u2019une d\u00e9cision jug\u00e9e radicale par certains observateurs. L\u2019affaire a commenc\u00e9 dimanche apr\u00e8s-midi, sur la ligne 108 dans le Val-de-Marne, lorsqu\u2019un chauffeur de bus de la RATP aurait tenu des propos jug\u00e9s inappropri\u00e9s \u00e0 l\u2019encontre d\u2019une voyageuse en v\u00eatements courts. Selon les premiers \u00e9l\u00e9ments rapport\u00e9s, une jeune femme v\u00eatue d\u2019une jupe-short, d\u2019une brassi\u00e8re et d\u2019un gilet long attendait \u00e0 un arr\u00eat lorsqu\u2019un \u00e9change tendu s\u2019est produit avec le chauffeur. Ce dernier, membre du personnel de la RATP, aurait alors demand\u00e9 \u00e0 la voyageuse de \u00ab couvrir son post\u00e9rieur \u00bb avant de monter \u00e0 bord du v\u00e9hicule.<\/strong><\/p>\n<p>L\u2019incident s\u2019est rapidement propag\u00e9 sur les r\u00e9seaux sociaux, notamment via une vid\u00e9o post\u00e9e sur TikTok par la jeune femme concern\u00e9e, Thais Gauchkarian, cr\u00e9atrice de contenus \u00e2g\u00e9e de 22 ans. Dans l\u2019extrait devenu viral, on entend le chauffeur d\u00e9clarer aux passagers : \u00ab Si vous voulez monter, baissez un peu vos v\u00eatements \u00bb, une phrase qui a d\u00e9clench\u00e9 un vif d\u00e9bat sur la libert\u00e9 vestimentaire dans les transports publics. La vid\u00e9o, largement diffus\u00e9e, a entra\u00een\u00e9 une r\u00e9action imm\u00e9diate de la RATP, qui a annonc\u00e9 avoir suspendu le chauffeur \u00e0 titre conservatoire, dans l\u2019attente des conclusions d\u2019une enqu\u00eate interne.<\/p>\n<p>La RATP, dans un communiqu\u00e9, a indiqu\u00e9 qu\u2019elle prenait l\u2019affaire tr\u00e8s au s\u00e9rieux et a condamn\u00e9 \u00ab avec la plus grande fermet\u00e9 \u00bb tout comportement qui serait contraire aux principes d\u2019accueil et de neutralit\u00e9 attendus de ses agents. La direction a pr\u00e9cis\u00e9 que la suspension \u00e0 titre conservatoire du chauffeur RATP concern\u00e9 n\u2019\u00e9tait pas une sanction mais une mesure temporaire de pr\u00e9caution le temps que les faits soient clarifi\u00e9s. Ce geste traduit n\u00e9anmoins la volont\u00e9 de la RATP de se dissocier, le cas \u00e9ch\u00e9ant, de tout comportement discriminatoire ou per\u00e7u comme tel, notamment autour de la question des v\u00eatements courts.<\/p>\n<p>Le chauffeur, interrog\u00e9 par BFMTV, a d\u00e9fendu sa version des faits en affirmant qu\u2019il n\u2019avait jamais interdit \u00e0 la jeune femme l\u2019acc\u00e8s au bus. Il explique qu\u2019il a simplement agi \u00ab pour sa s\u00e9curit\u00e9 \u00bb, estimant qu\u2019elle \u00e9tait dans une position qui exposait son corps aux regards indiscrets. \u00ab Je lui demande gentiment de couvrir son post\u00e9rieur \u00bb, pr\u00e9cise-t-il, ajoutant que la remarque a \u00e9t\u00e9 mal interpr\u00e9t\u00e9e. L\u2019homme insiste \u00e9galement sur le fait qu\u2019il ne s\u2019agissait pas d\u2019un refus de transport, mais d\u2019un \u00e9change de pr\u00e9vention. Toutefois, ce sont bien ses mots et leur tonalit\u00e9 qui ont d\u00e9clench\u00e9 la tourmente au sein de la RATP.<\/p>\n<p>Les v\u00eatements courts, qui ne posent a priori aucun probl\u00e8me r\u00e9glementaire, deviennent ici le point de tension entre la perception individuelle d\u2019un employ\u00e9 de la RATP et le droit d\u2019un usager \u00e0 circuler librement, quel que soit son style vestimentaire. Pour la troisi\u00e8me fois dans les m\u00eames phrases, la combinaison RATP, v\u00eatements courts et d\u00e9cision radicale revient au centre d\u2019un d\u00e9bat m\u00e9diatique enflamm\u00e9 qui d\u00e9passe le simple cadre des transports.<\/p>\n<p>Cet incident intervient dans un climat d\u00e9j\u00e0 tendu, o\u00f9 les questions de respect, d\u2019\u00e9galit\u00e9 et de libert\u00e9 personnelle sont scrut\u00e9es de pr\u00e8s. La RATP, acteur public majeur en \u00cele-de-<a href=\"https:\/\/dnalgerie.com\/rayan-cherki-aurait-fait-du-chantage-a-la-france-en-utilisant-lalgerie-et-litalie\/\" rel=\"nofollow noopener\" target=\"_blank\">France<\/a>, doit d\u00e9sormais faire face \u00e0 une situation d\u00e9licate, m\u00ealant communication de crise, respect des proc\u00e9dures internes et n\u00e9cessit\u00e9 de pr\u00e9server la confiance du public. Tandis que l\u2019enqu\u00eate suit son cours, le cas de ce chauffeur suspendu \u00e0 cause de v\u00eatements courts soul\u00e8ve un enjeu fondamental : comment les institutions peuvent-elles s\u2019assurer que leurs agents respectent un cadre strict tout en gardant une capacit\u00e9 d\u2019adaptation aux r\u00e9alit\u00e9s humaines du terrain ? Une question \u00e0 laquelle la RATP devra r\u00e9pondre avec lucidit\u00e9 et rigueur, alors m\u00eame que les regards restent tourn\u00e9s vers l\u2019\u00cele-de-<a href=\"https:\/\/dnalgerie.com\/france-un-etablissement-propose-des-jobs-a-1700-euros-par-mois-en-algerie\/\" rel=\"nofollow noopener\" target=\"_blank\">France<\/a> et ses transports du quotidien.<\/p>\n","protected":false},"excerpt":{"rendered":"La RATP se retrouve une nouvelle fois au centre d\u2019une pol\u00e9mique en \u00cele-de-France, cette fois-ci \u00e0 propos de&hellip;\n","protected":false},"author":2,"featured_media":116420,"comment_status":"","ping_status":"","sticky":false,"template":"","format":"standard","meta":{"footnotes":""},"categories":[1592],"tags":[1111,11,23668,23669,1777,674,1011,27,662,12,626,23670,625,23671,25,23672],"class_list":{"0":"post-116419","1":"post","2":"type-post","3":"status-publish","4":"format-standard","5":"has-post-thumbnail","7":"category-ile-de-france","8":"tag-actu","9":"tag-actualites","10":"tag-bus-paris","11":"tag-chauffeur-bus-ratp","12":"tag-eu","13":"tag-europe","14":"tag-fr","15":"tag-france","16":"tag-ile-de-france","17":"tag-news","18":"tag-paris","19":"tag-paris-voyage","20":"tag-ratp","21":"tag-ratp-chauffeur-bus","22":"tag-republique-francaise","23":"tag-voyager-a-paris"},"share_on_mastodon":{"url":"https:\/\/pubeurope.com\/@fr\/114544922005760286","error":""},"_links":{"self":[{"href":"https:\/\/www.europesays.com\/fr\/wp-json\/wp\/v2\/posts\/116419","targetHints":{"allow":["GET"]}}],"collection":[{"href":"https:\/\/www.europesays.com\/fr\/wp-json\/wp\/v2\/posts"}],"about":[{"href":"https:\/\/www.europesays.com\/fr\/wp-json\/wp\/v2\/types\/post"}],"author":[{"embeddable":true,"href":"https:\/\/www.europesays.com\/fr\/wp-json\/wp\/v2\/users\/2"}],"replies":[{"embeddable":true,"href":"https:\/\/www.europesays.com\/fr\/wp-json\/wp\/v2\/comments?post=116419"}],"version-history":[{"count":0,"href":"https:\/\/www.europesays.com\/fr\/wp-json\/wp\/v2\/posts\/116419\/revisions"}],"wp:featuredmedia":[{"embeddable":true,"href":"https:\/\/www.europesays.com\/fr\/wp-json\/wp\/v2\/media\/116420"}],"wp:attachment":[{"href":"https:\/\/www.europesays.com\/fr\/wp-json\/wp\/v2\/media?parent=116419"}],"wp:term":[{"taxonomy":"category","embeddable":true,"href":"https:\/\/www.europesays.com\/fr\/wp-json\/wp\/v2\/categories?post=116419"},{"taxonomy":"post_tag","embeddable":true,"href":"https:\/\/www.europesays.com\/fr\/wp-json\/wp\/v2\/tags?post=116419"}],"curies":[{"name":"wp","href":"https:\/\/api.w.org\/{rel}","templated":true}]}}