{"id":1164205,"date":"2026-09-03T02:58:17","date_gmt":"2026-09-03T02:58:17","guid":{"rendered":"https:\/\/www.europesays.com\/fr\/1164205\/"},"modified":"2026-09-03T02:58:17","modified_gmt":"2026-09-03T02:58:17","slug":"une-majorite-de-francais-atteints-du-syndrome-du-canal-carpien-limputent-au-travail-mais-tres-peu-le-declarent-deplore-sante-publique-france","status":"publish","type":"post","link":"https:\/\/www.europesays.com\/fr\/1164205\/","title":{"rendered":"Une majorit\u00e9 de Fran\u00e7ais atteints du syndrome du canal carpien l&rsquo;imputent au travail mais tr\u00e8s peu le d\u00e9clarent, d\u00e9plore Sant\u00e9 publique France"},"content":{"rendered":"<p class=\"c-chapo \">\n  Cette affection, tr\u00e8s courante, se manifeste par des douleurs, des troubles de la sensibilit\u00e9 et de la motricit\u00e9 de plusieurs doigts.\n<\/p>\n<p>    Publi\u00e9 le 02\/09\/2026 18:00<\/p>\n<p>      Mis \u00e0 jour le 02\/09\/2026 18:45<\/p>\n<p>        Temps de lecture : 1min<\/p>\n<p>    <img decoding=\"async\"  alt=\"Une coiffeuse dans un salon \u00e0 Wasquehal (Nord), dans la banlieue de Lille, le 29\u00a0ao\u00fbt 2024. (SEBASTIEN COURDJI \/ MAXPPP)\" width=\"432\" height=\"243\" src=\"https:\/\/www.europesays.com\/fr\/wp-content\/uploads\/2026\/09\/6a9846e220f78298138026.jpg\" fetchpriority=\"high\"\/><\/p>\n<p>      Une coiffeuse dans un salon \u00e0 Wasquehal (Nord), dans la banlieue de Lille, le 29\u00a0ao\u00fbt 2024. (SEBASTIEN COURDJI \/ MAXPPP)<\/p>\n<p>Une affection courante, qui peut devenir tr\u00e8s handicapante. Le <a href=\"https:\/\/www.franceinfo.fr\/sante\/maladie\/chirurgie-des-operations-de-la-main-en-cabinet_2233321.html\" target=\"_self\" rel=\"noopener noreferrer nofollow\" data-tooltip-url=\"https:\/\/www.franceinfo.fr\/sante\/maladie\/chirurgie-des-operations-de-la-main-en-cabinet_2233321.html\">syndrome du canal carpien<\/a> touche un Fran\u00e7ais sur 10 \u00e2g\u00e9 de 20 \u00e0 64\u00a0ans, en majorit\u00e9 des femmes, qui l&rsquo;imputent largement au travail mais sont minoritaires \u00e0 avoir demand\u00e9 une reconnaissance en maladie professionnelle, selon une \u00e9tude publi\u00e9e mercredi 2\u00a0septembre. Actuellement, cette affection est la deuxi\u00e8me maladie professionnelle la plus fr\u00e9quemment reconnue par le r\u00e9gime g\u00e9n\u00e9ral de la S\u00e9curit\u00e9 sociale, apr\u00e8s les tendinopathies de la coiffe des rotateurs de l&rsquo;\u00e9paule.<\/p>\n<p>Dans la large famille <a href=\"https:\/\/www.franceinfo.fr\/sante-prevention-contre-les-troubles-musculo-squelettiques-au-travail_587537.html\" target=\"_self\" rel=\"noopener noreferrer nofollow\" data-tooltip-url=\"https:\/\/www.franceinfo.fr\/sante-prevention-contre-les-troubles-musculo-squelettiques-au-travail_587537.html\">des troubles musculo-squelettiques<\/a>, le syndrome du canal carpien se manifeste par des douleurs, des troubles de la sensibilit\u00e9 et de la motricit\u00e9 de plusieurs doigts. \u00ab\u00a0Sa survenue, favoris\u00e9e par des facteurs personnels (\u00e2ge, sexe), m\u00e9dicaux ou hormonaux, est li\u00e9e \u00e0 des activit\u00e9s professionnelles ou extraprofessionnelles (gestes r\u00e9p\u00e9titifs, utilisation d&rsquo;outils vibrants, activit\u00e9s manuelles en force, etc.)\u00a0\u00bb, note Sant\u00e9 publique France (SPF) dans son \u00e9tude.<\/p>\n<p>Bien que ce soit l&rsquo;une des maladies professionnelles les plus fr\u00e9quentes en France, comme dans les autres grands pays industrialis\u00e9s, aucune \u00e9tude n&rsquo;avait jusqu&rsquo;ici document\u00e9 les raisons de non-d\u00e9claration en maladie professionnelle, selon l&rsquo;agence sanitaire. Il ressort de cette \u00e9tude qu&rsquo;un peu plus d&rsquo;une personne sur 10 a d\u00e9clar\u00e9 avoir souffert d&rsquo;un syndrome du canal carpien les cinq ann\u00e9es pr\u00e9c\u00e9dentes, avec un ratio de six femmes pour quatre hommes.<\/p>\n<p>Parmi ces personnes, seule une sur 10 d\u00e9clare avoir consult\u00e9 au moins un m\u00e9decin \u2013 principalement un g\u00e9n\u00e9raliste, moins fr\u00e9quemment un rhumatologue ou chirurgien. Une petite proportion (15%) a \u00e9t\u00e9 op\u00e9r\u00e9e, le plus souvent des femmes de 45 \u00e0 64 ans. Si plus de 70% des personnes attribuaient leur pathologie au travail, seules 10% d&rsquo;entre elles ont fait des d\u00e9marches de d\u00e9claration en maladie professionnelle, laquelle d\u00e9bouche le plus souvent sur une reconnaissance.<\/p>\n<p>Les autres expliquent ne pas y avoir eu recours car elles ont jug\u00e9 leurs \u00ab\u00a0sympt\u00f4mes ou douleurs peu importants\u00a0\u00bb (25%), ne savaient pas comment proc\u00e9der (11%), ont redout\u00e9 de perdre leur emploi (10%) ou d&rsquo;affronter des formalit\u00e9s complexes ou lourdes (9%), d\u00e9taille l&rsquo;\u00e9tude.<\/p>\n","protected":false},"excerpt":{"rendered":"Cette affection, tr\u00e8s courante, se manifeste par des douleurs, des troubles de la sensibilit\u00e9 et de la motricit\u00e9&hellip;\n","protected":false},"author":2,"featured_media":1164206,"comment_status":"","ping_status":"","sticky":false,"template":"","format":"standard","meta":{"footnotes":"","_share_on_mastodon":"0"},"categories":[10],"tags":[1011,27,72,71],"class_list":["post-1164205","post","type-post","status-publish","format-standard","has-post-thumbnail","category-sante","tag-fr","tag-france","tag-health","tag-sante"],"share_on_mastodon":{"url":"https:\/\/pubeurope.com\/@fr\/117204873130177254","error":""},"_links":{"self":[{"href":"https:\/\/www.europesays.com\/fr\/wp-json\/wp\/v2\/posts\/1164205","targetHints":{"allow":["GET"]}}],"collection":[{"href":"https:\/\/www.europesays.com\/fr\/wp-json\/wp\/v2\/posts"}],"about":[{"href":"https:\/\/www.europesays.com\/fr\/wp-json\/wp\/v2\/types\/post"}],"author":[{"embeddable":true,"href":"https:\/\/www.europesays.com\/fr\/wp-json\/wp\/v2\/users\/2"}],"replies":[{"embeddable":true,"href":"https:\/\/www.europesays.com\/fr\/wp-json\/wp\/v2\/comments?post=1164205"}],"version-history":[{"count":0,"href":"https:\/\/www.europesays.com\/fr\/wp-json\/wp\/v2\/posts\/1164205\/revisions"}],"wp:featuredmedia":[{"embeddable":true,"href":"https:\/\/www.europesays.com\/fr\/wp-json\/wp\/v2\/media\/1164206"}],"wp:attachment":[{"href":"https:\/\/www.europesays.com\/fr\/wp-json\/wp\/v2\/media?parent=1164205"}],"wp:term":[{"taxonomy":"category","embeddable":true,"href":"https:\/\/www.europesays.com\/fr\/wp-json\/wp\/v2\/categories?post=1164205"},{"taxonomy":"post_tag","embeddable":true,"href":"https:\/\/www.europesays.com\/fr\/wp-json\/wp\/v2\/tags?post=1164205"}],"curies":[{"name":"wp","href":"https:\/\/api.w.org\/{rel}","templated":true}]}}