{"id":1164215,"date":"2026-09-03T03:04:17","date_gmt":"2026-09-03T03:04:17","guid":{"rendered":"https:\/\/www.europesays.com\/fr\/1164215\/"},"modified":"2026-09-03T03:04:17","modified_gmt":"2026-09-03T03:04:17","slug":"vosges-on-va-soccuper-de-ta-femme-et-de-ton-gosse-battu-aux-municipales-il-menace-le-maire-de-son-village","status":"publish","type":"post","link":"https:\/\/www.europesays.com\/fr\/1164215\/","title":{"rendered":"Vosges\u00a0: \u00ab\u00a0On va s\u2019occuper de ta femme et de ton gosse\u00a0\u00bb\u2026 Battu aux municipales, il menace le maire de son village"},"content":{"rendered":"<p>La <a href=\"https:\/\/www.20minutes.fr\/municipales\/\" target=\"_blank\" class=\"c-link c-link--is-underlined\" rel=\"nofollow noopener\">campagne \u00e9lectorale<\/a> est termin\u00e9e depuis plusieurs mois, mais les tensions sont rest\u00e9es vives. Un homme de 56 ans, chef de l\u2019opposition municipale <a href=\"https:\/\/www.20minutes.fr\/dossier\/vosges\" target=\"_blank\" class=\"c-link c-link--is-underlined\" rel=\"nofollow noopener\">\u00e0 Essegney<\/a>, a \u00e9t\u00e9 condamn\u00e9 mercredi \u00e0 deux ans d\u2019emprisonnement avec sursis pour des menaces de mort visant le maire de cette commune d\u2019environ 750 habitants.<\/p>\n<p>L\u2019affaire a \u00e9clat\u00e9 apr\u00e8s l\u2019envoi d\u2019un SMS particuli\u00e8rement violent adress\u00e9 au <a href=\"https:\/\/www.20minutes.fr\/dossier\/maire\" class=\"c-link c-link--is-underlined\" rel=\"nofollow noopener\" target=\"_blank\">maire<\/a> Emmanuel Gaboraud. \u00ab\u00a0Si mercredi soir tu n\u2019as pas d\u00e9missionn\u00e9 de ton poste de maire avec ton \u00e9quipe de branleur (sic) on va s\u2019occuper de ta femme et de ton gosse et ensuite toi on va te crever tu vas saigner\u00a0\u00bb, avait \u00e9crit lundi le pr\u00e9venu depuis un t\u00e9l\u00e9phone pr\u00e9pay\u00e9.<\/p>\n<\/p>\n<p>Comment les enqu\u00eateurs l\u2019ont-ils retrouv\u00e9\u00a0?<\/p>\n<p>Les gendarmes ont rapidement remont\u00e9 sa trace gr\u00e2ce aux cam\u00e9ras de vid\u00e9osurveillance du magasin o\u00f9 le t\u00e9l\u00e9phone avait \u00e9t\u00e9 achet\u00e9. Interpell\u00e9 mardi puis plac\u00e9 en garde \u00e0 vue, l\u2019homme a reconnu \u00eatre l\u2019auteur du SMS. Au cours de son audition, il a \u00e9galement admis avoir envoy\u00e9 un pr\u00e9c\u00e9dent courrier mena\u00e7ant en mai. Il y donnait au maire jusqu\u2019\u00e0 la fin du mois pour quitter ses fonctions, sous peine qu&rsquo;\u00ab\u00a0un grand malheur\u00a0\u00bb frappe l\u2019\u00e9lu ou un membre de sa famille.<\/p>\n<p>Le mis en cause avait conduit l\u2019une des deux listes en lice lors des derni\u00e8res \u00e9lections municipales. Il avait \u00e9t\u00e9 battu en mars avec 46,5\u00a0% des voix. Selon le procureur d\u2019\u00c9pinal, Fr\u00e9d\u00e9ric Nahon, le quinquag\u00e9naire a expliqu\u00e9 avoir \u00ab\u00a0perdu pied\u00a0\u00bb. Il a notamment invoqu\u00e9 le fait que la victime avait pr\u00e9sent\u00e9 une liste concurrente \u00e0 la sienne lors des derni\u00e8res municipales. L\u2019homme a \u00e9galement \u00e9voqu\u00e9 un diff\u00e9rend concernant l\u2019attribution du bail d\u2019un terrain de chasse. Ces explications n\u2019ont pas emp\u00each\u00e9 sa condamnation dans le cadre d\u2019une proc\u00e9dure de comparution sur reconnaissance pr\u00e9alable de culpabilit\u00e9.<\/p>\n<p>Reconnu coupable de menaces de mort sur un \u00e9lu, il a \u00e9cop\u00e9 de deux ans de prison avec sursis et de 2.000 euros d\u2019amende. La justice lui interdit \u00e9galement pendant trois ans d\u2019entrer en contact avec Emmanuel Gaboraud et sa famille, de m\u00eame que de se rendre \u00e0 la mairie. Mardi soir, selon Vosges Matin, une quarantaine d\u2019\u00e9lus locaux et une vingtaine d\u2019habitants s\u2019\u00e9taient rassembl\u00e9s pour apporter leur soutien au maire.<\/p>\n","protected":false},"excerpt":{"rendered":"La campagne \u00e9lectorale est termin\u00e9e depuis plusieurs mois, mais les tensions sont rest\u00e9es vives. Un homme de 56&hellip;\n","protected":false},"author":2,"featured_media":1164216,"comment_status":"","ping_status":"","sticky":false,"template":"","format":"standard","meta":{"footnotes":"","_share_on_mastodon":"0"},"categories":[4],"tags":[47,11,118,1011,27,775,303,776,12,316,25,774],"class_list":["post-1164215","post","type-post","status-publish","format-standard","has-post-thumbnail","category-france","tag-actualite","tag-actualites","tag-faits-divers","tag-fr","tag-france","tag-grand-est","tag-justice","tag-lorraine","tag-news","tag-politique","tag-republique-francaise","tag-vosges"],"share_on_mastodon":{"url":"https:\/\/pubeurope.com\/@fr\/117204894691658927","error":""},"_links":{"self":[{"href":"https:\/\/www.europesays.com\/fr\/wp-json\/wp\/v2\/posts\/1164215","targetHints":{"allow":["GET"]}}],"collection":[{"href":"https:\/\/www.europesays.com\/fr\/wp-json\/wp\/v2\/posts"}],"about":[{"href":"https:\/\/www.europesays.com\/fr\/wp-json\/wp\/v2\/types\/post"}],"author":[{"embeddable":true,"href":"https:\/\/www.europesays.com\/fr\/wp-json\/wp\/v2\/users\/2"}],"replies":[{"embeddable":true,"href":"https:\/\/www.europesays.com\/fr\/wp-json\/wp\/v2\/comments?post=1164215"}],"version-history":[{"count":0,"href":"https:\/\/www.europesays.com\/fr\/wp-json\/wp\/v2\/posts\/1164215\/revisions"}],"wp:featuredmedia":[{"embeddable":true,"href":"https:\/\/www.europesays.com\/fr\/wp-json\/wp\/v2\/media\/1164216"}],"wp:attachment":[{"href":"https:\/\/www.europesays.com\/fr\/wp-json\/wp\/v2\/media?parent=1164215"}],"wp:term":[{"taxonomy":"category","embeddable":true,"href":"https:\/\/www.europesays.com\/fr\/wp-json\/wp\/v2\/categories?post=1164215"},{"taxonomy":"post_tag","embeddable":true,"href":"https:\/\/www.europesays.com\/fr\/wp-json\/wp\/v2\/tags?post=1164215"}],"curies":[{"name":"wp","href":"https:\/\/api.w.org\/{rel}","templated":true}]}}