{"id":1164219,"date":"2026-09-03T03:07:20","date_gmt":"2026-09-03T03:07:20","guid":{"rendered":"https:\/\/www.europesays.com\/fr\/1164219\/"},"modified":"2026-09-03T03:07:20","modified_gmt":"2026-09-03T03:07:20","slug":"saint-etienne-les-emprunts-dans-les-mediatheques-sont-desormais-gratuits-pour-les-stephanois-et-les-autres","status":"publish","type":"post","link":"https:\/\/www.europesays.com\/fr\/1164219\/","title":{"rendered":"Saint-\u00c9tienne. Les emprunts dans les m\u00e9diath\u00e8ques sont d\u00e9sormais gratuits pour les St\u00e9phanois&#8230; et les autres"},"content":{"rendered":"<p>Depuis ce mardi 1\u1d49\u02b3 septembre, l\u2019acc\u00e8s, l\u2019inscription et l\u2019emprunt de livres, bandes dessin\u00e9es, CD, DVD, vinyles, partitions et jeux vid\u00e9o sont d\u00e9sormais totalement gratuits dans l\u2019ensemble du r\u00e9seau des m\u00e9diath\u00e8ques de Saint-\u00c9tienne.<\/p>\n<p>Pour rappel, le r\u00e9seau compte sept sites\u00a0: Beaulieu, Carnot, la Cotonne, Solaure, Tarentaize, Terrenoire et Tr\u00e9filerie. Port\u00e9e par la majorit\u00e9 de <a href=\"https:\/\/www.leprogres.fr\/p\/regis-juanico\" target=\"_blank\" rel=\"nofollow noopener\">R\u00e9gis Juanico<\/a>, la mesure avait \u00e9t\u00e9 annonc\u00e9e lors du conseil municipal de juin.<\/p>\n<p>Jusqu\u2018\u00e0 pr\u00e9sent r\u00e9serv\u00e9e aux moins de 25 ans, aux \u00e9tudiants et aux personnes non imposables, cette gratuit\u00e9 s\u2019applique d\u00e9sormais \u00e0 l\u2019ensemble des usagers, quel que soit leur \u00e2ge et y compris pour les habitants des communes voisines. Autre nouveaut\u00e9 marquante\u00a0: la suppression d\u00e9finitive des p\u00e9nalit\u00e9s financi\u00e8res en cas de retard de restitution des documents.<\/p>\n<p>Pour la majorit\u00e9 municipale, qui mise sur une hausse de 20 \u00e0 30\u00a0% de la fr\u00e9quentation, l\u2019objectif est d&rsquo;\u00e9liminer toute barri\u00e8re financi\u00e8re. \u00ab\u00a0La gratuit\u00e9 n\u2019est pas une finalit\u00e9 en soi, c\u2019est un moyen de garantir un acc\u00e8s \u00e9gal \u00e0 la culture pour tous\u00a0\u00bb, souligne l\u2019adjointe aux arts et aux cultures, La\u00ebtitia Valentin.<\/p>\n<p>Le maire, R\u00e9gis Juanico, d\u00e9fend un co\u00fbt modeste pour la collectivit\u00e9, estim\u00e9 \u00e0 30\u00a0000\u00a0euros par an.<\/p>\n<p>  Un choix politique vivement contest\u00e9 par l\u2019opposition<\/p>\n<p>Lors de son adoption le 29\u00a0juin dernier, la mesure avait suscit\u00e9 de vives tensions au conseil municipal. Si la majorit\u00e9 y voit une politique vertueuse (s\u2019ajoutant aux gratuit\u00e9s temporaires des transports ou des piscines lors des r\u00e9cents pics de chaleur), l\u2019opposition de droite et du Rassemblement national s\u2019y \u00e9tait fermement oppos\u00e9e ou abstenue.<\/p>\n<p>L&rsquo;\u00e9lu RN-UDR Alexandre Vidal s\u2019\u00e9tait notamment indign\u00e9 de voir la gratuit\u00e9 \u00e9tendue aux non-St\u00e9phanois. Pour <a href=\"https:\/\/www.leprogres.fr\/p\/quentin-bataillon\" target=\"_blank\" rel=\"nofollow noopener\">Quentin Bataillon<\/a> (Engag\u00e9s pour Saint-\u00c9tienne), l\u2019abandon des amendes de retard envoyait un \u00ab\u00a0signal d\u2019impunit\u00e9\u00a0\u00bb, tandis que son coll\u00e8gue Lionel Boucher d\u00e9non\u00e7ait une fuite en avant budg\u00e9taire dans une ville au taux de pauvret\u00e9 de 30\u00a0%\u00a0: \u00ab\u00a0C\u2019est tr\u00e8s bien de tout rendre gratuit, mais \u00e0 la fin, il faudra bien quelqu\u2019un pour payer. Et \u00e7a va toucher ceux qui paient des imp\u00f4ts.\u00a0\u00bb<\/p>\n<p>Malgr\u00e9 ces r\u00e9serves, le r\u00e9seau municipal et ses 250\u00a0000 r\u00e9f\u00e9rences ouvrent grand leurs portes gratuitement d\u00e8s ce mardi 1er septembre. Une \u00e9tape de plus dans la politique de gratuit\u00e9 voulue par la mairie, avant celle des transports de la Stas le samedi, dont l\u2019entr\u00e9e en vigueur aura lieu samedi 5\u00a0septembre.<\/p>\n","protected":false},"excerpt":{"rendered":"Depuis ce mardi 1\u1d49\u02b3 septembre, l\u2019acc\u00e8s, l\u2019inscription et l\u2019emprunt de livres, bandes dessin\u00e9es, CD, DVD, vinyles, partitions et&hellip;\n","protected":false},"author":2,"featured_media":1164220,"comment_status":"","ping_status":"","sticky":false,"template":"","format":"standard","meta":{"footnotes":"","_share_on_mastodon":"0"},"categories":[9653],"tags":[1111,11,2430,1984,1687,7539,1777,674,1011,27,2410,12,316,25,4001,7538],"class_list":["post-1164219","post","type-post","status-publish","format-standard","has-post-thumbnail","category-saint-etienne","tag-actu","tag-actualites","tag-auvergne-rhone-alpes","tag-conseil-municipal","tag-culture-loisirs","tag-edition-loire-sud","tag-eu","tag-europe","tag-fr","tag-france","tag-livres-bd","tag-news","tag-politique","tag-republique-francaise","tag-saint-etienne","tag-saint-etienne-ville"],"share_on_mastodon":{"url":"https:\/\/pubeurope.com\/@fr\/117204906461282517","error":""},"_links":{"self":[{"href":"https:\/\/www.europesays.com\/fr\/wp-json\/wp\/v2\/posts\/1164219","targetHints":{"allow":["GET"]}}],"collection":[{"href":"https:\/\/www.europesays.com\/fr\/wp-json\/wp\/v2\/posts"}],"about":[{"href":"https:\/\/www.europesays.com\/fr\/wp-json\/wp\/v2\/types\/post"}],"author":[{"embeddable":true,"href":"https:\/\/www.europesays.com\/fr\/wp-json\/wp\/v2\/users\/2"}],"replies":[{"embeddable":true,"href":"https:\/\/www.europesays.com\/fr\/wp-json\/wp\/v2\/comments?post=1164219"}],"version-history":[{"count":0,"href":"https:\/\/www.europesays.com\/fr\/wp-json\/wp\/v2\/posts\/1164219\/revisions"}],"wp:featuredmedia":[{"embeddable":true,"href":"https:\/\/www.europesays.com\/fr\/wp-json\/wp\/v2\/media\/1164220"}],"wp:attachment":[{"href":"https:\/\/www.europesays.com\/fr\/wp-json\/wp\/v2\/media?parent=1164219"}],"wp:term":[{"taxonomy":"category","embeddable":true,"href":"https:\/\/www.europesays.com\/fr\/wp-json\/wp\/v2\/categories?post=1164219"},{"taxonomy":"post_tag","embeddable":true,"href":"https:\/\/www.europesays.com\/fr\/wp-json\/wp\/v2\/tags?post=1164219"}],"curies":[{"name":"wp","href":"https:\/\/api.w.org\/{rel}","templated":true}]}}