{"id":1164221,"date":"2026-09-03T03:08:17","date_gmt":"2026-09-03T03:08:17","guid":{"rendered":"https:\/\/www.europesays.com\/fr\/1164221\/"},"modified":"2026-09-03T03:08:17","modified_gmt":"2026-09-03T03:08:17","slug":"le-sda-le-hobbit-a-saint-etienne-2027","status":"publish","type":"post","link":"https:\/\/www.europesays.com\/fr\/1164221\/","title":{"rendered":"Le SDA &#038; Le Hobbit \u00e0 Saint-\u00c9tienne 2027"},"content":{"rendered":"<p class=\"intro\">Le 27 mars 2027, le Centre de Congr\u00e8s de Saint-\u00c9tienne accueille un concert d\u00e9di\u00e9 \u00e0 l&rsquo;univers musical de J.R.R. Tolkien. Orchestre et ch\u0153ur r\u00e9unis sur sc\u00e8ne feront r\u00e9sonner les compositions embl\u00e9matiques du Seigneur des Anneaux et du Hobbit, des t\u00e9n\u00e8bres de Mordor aux m\u00e9lodies lyriques des Elfes. Un spectacle pr\u00e9sent\u00e9 en anglais, sans diffusion d&rsquo;images des films. Les billets sont disponibles en ligne d\u00e8s maintenant, r\u00e9servez vos places sans attendre.<\/p>\n<p>La Terre du Milieu s&rsquo;invite au Centre de Congr\u00e8s de Saint-\u00c9tienne le temps d&rsquo;un concert \u00e9pique<\/p>\n<p>Saint-\u00c9tienne sera au c\u0153ur d&rsquo;un \u00e9v\u00e9nement musical exceptionnel le <strong>samedi 27 mars 2027<\/strong>. Lancelot Productions pr\u00e9sente au <strong>Centre de Congr\u00e8s<\/strong> un concert enti\u00e8rement d\u00e9di\u00e9 aux univers du <strong>Seigneur des Anneaux et du Hobbit<\/strong>, port\u00e9s sur sc\u00e8ne par un orchestre et un ch\u0153ur en chair et en os. Des sonorites mena\u00e7antes de Mordor aux attaques stridentes des Cavaliers Noirs, en passant par les majestueuses m\u00e9lodies des Elfes, toute la puissance musicale de Tolkien sera interpr\u00e9t\u00e9e live.<\/p>\n<p><img decoding=\"async\" loading=\"lazy\" src=\"https:\/\/www.europesays.com\/fr\/wp-content\/uploads\/2026\/09\/le-seigneur-des-anneaux----le-hobbit-tickets_425290_3474536_222x222.jpg\" alt=\"Le Seigneur des Anneaux &amp; le Hobbit - en Concert\" class=\"border\"\/><\/p>\n<p>Ce spectacle, qui n&rsquo;est pas un cin\u00e9-concert, repose enti\u00e8rement sur la force de la musique et des interpr\u00e8tes. Amateur ou passionn\u00e9 de l&rsquo;univers de <strong>J.R.R. Tolkien<\/strong>, cet \u00e9v\u00e9nement propose une exp\u00e9rience sonore et sc\u00e9nique \u00e0 part enti\u00e8re. En Auvergne-Rh\u00f4ne-Alpes, Saint-\u00c9tienne s&rsquo;affirme comme une ville de rendez-vous culturels ambitieux, et les amateurs de <strong>spectacles vivants<\/strong> \u00e0 Saint-\u00c9tienne trouveront d&rsquo;autres \u00e9v\u00e9nements \u00e0 d\u00e9couvrir sur notre <a href=\"https:\/\/www.jds.fr\/saint-etienne\/agenda\/sorties-culturelles-spectacles-expositions-cinema-470_B\" rel=\"nofollow noopener\" target=\"_blank\">agenda des spectacles \u00e0 Saint-\u00c9tienne<\/a>.<\/p>\n<p>Billetterie du Seigneur des Anneaux et Le Hobbit au Centre de Congr\u00e8s<\/p>\n<p><a class=\"btn btn-lg shadow-lg btn-primary rounded-pill fnac_link\" data-fnac=\"in_article\" href=\"https:\/\/www.awin1.com\/pclick.php?p=45859814700&amp;a=634278&amp;m=12494&amp;clickref=in_article-A-desktop\" target=\"_blank\" rel=\"nofollow noopener\"> Acheter des billets<\/a><\/p>\n<p>Les repr\u00e9sentations au <strong>Centre de Congr\u00e8s de Saint-\u00c9tienne<\/strong> attirent un large public passionn\u00e9, et cet \u00e9v\u00e9nement autour des \u0153uvres de Tolkien ne fera pas exception. Les <strong>prix des billets<\/strong> sont compris entre <strong>49,99\u00a0\u20ac<\/strong> et <strong>89,99\u00a0\u20ac<\/strong>. Face \u00e0 la popularit\u00e9 du concert, nous vous conseillons de <strong>r\u00e9server vos billets<\/strong> rapidement pour garantir votre place.<\/p>\n<p>Comment acc\u00e9der au Centre de Congr\u00e8s de Saint-\u00c9tienne\u00a0?<\/p>\n<p>Le <a href=\"https:\/\/www.jds.fr\/saint-etienne\/salle-de-concert-spectacle\/centre-de-congres-16169_L\" rel=\"nofollow noopener\" target=\"_blank\">Centre de Congr\u00e8s de Saint-\u00c9tienne<\/a> est situ\u00e9 dans le secteur <strong>Fauriel<\/strong>, au sein des anciens b\u00e2timents de la Manufacture Fran\u00e7aise d&rsquo;armes et de cycles. <strong>En voiture<\/strong>, empruntez la <strong>sortie 21<\/strong> sur l&rsquo;axe Lyon-Le Puy pour rejoindre Saint-\u00c9tienne. \u00c0 noter\u00a0: la <strong>rue Ponchardier est ferm\u00e9e \u00e0 la circulation<\/strong>. Le <strong>Parking Fauriel<\/strong>, situ\u00e9 au 26 rue Pierre et Dominique Ponchardier (610 places souterraines), est \u00e0 proximit\u00e9 imm\u00e9diate du lieu. Les tarifs d\u00e9butent \u00e0 <strong>0,30\u00a0\u20ac pour 15 minutes<\/strong> et des <strong>bornes de recharge \u00e9lectrique<\/strong> sont disponibles.<\/p>\n<p>Le r\u00e9seau de transports en commun <strong>STAS<\/strong> dessert efficacement le Centre de Congr\u00e8s. En <strong>bus<\/strong>, l&rsquo;arr\u00eat <strong>\u00ab\u00a0Centre Congr\u00e8s\u00a0\u00bb<\/strong> (lignes M6, S6, M2, 13, 12) se situe \u00e0 <strong>4 minutes \u00e0 pied<\/strong>. En <strong>tramway<\/strong>, l&rsquo;arr\u00eat <strong>\u00ab\u00a0Anatole France\u00a0\u00bb<\/strong> sur la ligne T1 est accessible en 9 minutes de marche depuis le lieu. Le Centre de Congr\u00e8s est par ailleurs <strong>accessible aux personnes \u00e0 mobilit\u00e9 r\u00e9duite<\/strong>, avec une entr\u00e9e am\u00e9nag\u00e9e pour les fauteuils roulants.<\/p>\n<p class=\"mise_en_avant\">Notre conseil\u00a0: privil\u00e9giez les transports en commun, notamment le bus avec l&rsquo;arr\u00eat\u00a0\u00ab\u00a0Centre Congr\u00e8s\u00a0\u00bb \u00e0 seulement 4 minutes \u00e0 pied du lieu, pour rejoindre le concert sans contrainte de stationnement.<\/p>\n<p>Les amateurs de concerts de musiques de films se r\u00e9jouiront\u00a0: le Centre de Congr\u00e8s de Saint-\u00c9tienne programme \u00e9galement <a href=\"https:\/\/www.jds.fr\/saint-etienne\/spectacles\/cinema\/the-magical-music-of-harry-potter-live-in-concert-1715674_A\" rel=\"nofollow noopener\" target=\"_blank\">The Magical Music Of Harry Potter au Centre de Congr\u00e8s<\/a>, un autre rendez-vous \u00e0 ne pas manquer pour les passionn\u00e9s de grandes musiques de cin\u00e9ma jou\u00e9es en live.<\/p>\n","protected":false},"excerpt":{"rendered":"Le 27 mars 2027, le Centre de Congr\u00e8s de Saint-\u00c9tienne accueille un concert d\u00e9di\u00e9 \u00e0 l&rsquo;univers musical de&hellip;\n","protected":false},"author":2,"featured_media":1164222,"comment_status":"","ping_status":"","sticky":false,"template":"","format":"standard","meta":{"footnotes":"","_share_on_mastodon":"0"},"categories":[9653],"tags":[1111,11,2430,1777,674,1011,27,12,25,4001],"class_list":["post-1164221","post","type-post","status-publish","format-standard","has-post-thumbnail","category-saint-etienne","tag-actu","tag-actualites","tag-auvergne-rhone-alpes","tag-eu","tag-europe","tag-fr","tag-france","tag-news","tag-republique-francaise","tag-saint-etienne"],"share_on_mastodon":{"url":"https:\/\/pubeurope.com\/@fr\/117204911888882673","error":""},"_links":{"self":[{"href":"https:\/\/www.europesays.com\/fr\/wp-json\/wp\/v2\/posts\/1164221","targetHints":{"allow":["GET"]}}],"collection":[{"href":"https:\/\/www.europesays.com\/fr\/wp-json\/wp\/v2\/posts"}],"about":[{"href":"https:\/\/www.europesays.com\/fr\/wp-json\/wp\/v2\/types\/post"}],"author":[{"embeddable":true,"href":"https:\/\/www.europesays.com\/fr\/wp-json\/wp\/v2\/users\/2"}],"replies":[{"embeddable":true,"href":"https:\/\/www.europesays.com\/fr\/wp-json\/wp\/v2\/comments?post=1164221"}],"version-history":[{"count":0,"href":"https:\/\/www.europesays.com\/fr\/wp-json\/wp\/v2\/posts\/1164221\/revisions"}],"wp:featuredmedia":[{"embeddable":true,"href":"https:\/\/www.europesays.com\/fr\/wp-json\/wp\/v2\/media\/1164222"}],"wp:attachment":[{"href":"https:\/\/www.europesays.com\/fr\/wp-json\/wp\/v2\/media?parent=1164221"}],"wp:term":[{"taxonomy":"category","embeddable":true,"href":"https:\/\/www.europesays.com\/fr\/wp-json\/wp\/v2\/categories?post=1164221"},{"taxonomy":"post_tag","embeddable":true,"href":"https:\/\/www.europesays.com\/fr\/wp-json\/wp\/v2\/tags?post=1164221"}],"curies":[{"name":"wp","href":"https:\/\/api.w.org\/{rel}","templated":true}]}}