{"id":1164238,"date":"2026-09-03T03:20:26","date_gmt":"2026-09-03T03:20:26","guid":{"rendered":"https:\/\/www.europesays.com\/fr\/1164238\/"},"modified":"2026-09-03T03:20:26","modified_gmt":"2026-09-03T03:20:26","slug":"grenoble-securite-logements-vacants-laurence-ruffin-joue-la-transparence-sur-lavancee-de-ses-premieres-mesures","status":"publish","type":"post","link":"https:\/\/www.europesays.com\/fr\/1164238\/","title":{"rendered":"Grenoble. S\u00e9curit\u00e9, logements vacants&#8230; Laurence Ruffin joue la \u00ab\u00a0transparence\u00a0\u00bb sur l\u2019avanc\u00e9e de ses premi\u00e8res mesures"},"content":{"rendered":"<p>Quelques semaines apr\u00e8s son \u00e9lection \u00e0 la mairie de Grenoble, en mai dernier, <a href=\"https:\/\/www.ledauphine.com\/p\/laurence-ruffin\" target=\"_blank\" rel=\"nofollow noopener\">Laurence Ruffin<\/a> avait d\u00e9voil\u00e9 <a href=\"https:\/\/www.ledauphine.com\/politique\/2026\/05\/20\/isere-grenoble-une-baignade-dans-l-isere-des-cet-ete-un-reperage-des-logements-vacants-les-premieres-annonces-de-laurence-ruffin\" target=\"_blank\" rel=\"nofollow noopener\">les priorit\u00e9s de son \u00e9quipe<\/a>. Une pr\u00e9sentation dont elle a tir\u00e9 un premier bilan, cette semaine, plus d\u2019une centaine de jours apr\u00e8s son arriv\u00e9e aux responsabilit\u00e9s.<\/p>\n<p>\u00ab\u00a0Avoir un rendu de nos actions aux Grenoblois, cela faisait partie de nos engagements de campagne. On a eu envie d\u2019ouvrir cette rentr\u00e9e avec un point d\u2019\u00e9tape, avant de passer au plan de mandat. Une mani\u00e8re d\u2019\u00eatre transparent sur nos actions\u00a0\u00bb, a lanc\u00e9 l\u2019\u00e9lue, toujours guid\u00e9e par son triptyque \u201c <a href=\"https:\/\/www.ledauphine.com\/elections\/2026\/04\/11\/isere-baignable-securite-lien-avec-les-habitants-laurence-ruffin-devoile-ses-ambitions-dans-un-long-entretien\" target=\"_blank\" rel=\"nofollow noopener\">coop\u00e9rer, prot\u00e9ger, inventer<\/a> \u201d. Et qui a rappel\u00e9 sa volont\u00e9 d\u2019\u00eatre \u00ab\u00a0\u00e0 l\u2019\u00e9coute des habitants\u00a0\u00bb (via les journ\u00e9es <a href=\"https:\/\/www.ledauphine.com\/politique\/2026\/06\/06\/laurence-ruffin-organise-sa-journee-portes-ouvertes-a-l-hotel-de-ville-le-20-juin\" target=\"_blank\" rel=\"nofollow noopener\">portes ouvertes \u00e0 la mairie<\/a> ou avec les agents, l\u2019atelier pour comprendre le budget\u2026) pour \u00ab\u00a0faire de la politique au plus pr\u00e8s des gens, que ce qu\u2019on mette en \u0153uvre corresponde bien et am\u00e9liore leur vie\u00a0\u00bb avec \u00ab\u00a0l\u2019objectif de venir irriguer la suite de notre mandat, pour en tenir compte et voir ce qu\u2019on va ajuster&#8230;<\/p>\n","protected":false},"excerpt":{"rendered":"Quelques semaines apr\u00e8s son \u00e9lection \u00e0 la mairie de Grenoble, en mai dernier, Laurence Ruffin avait d\u00e9voil\u00e9 les&hellip;\n","protected":false},"author":2,"featured_media":1164239,"comment_status":"","ping_status":"","sticky":false,"template":"","format":"standard","meta":{"footnotes":"","_share_on_mastodon":"0"},"categories":[9566],"tags":[1111,11,2430,112,1777,674,107,1011,27,2731,2732,108,3539,1908,12,316,25],"class_list":["post-1164238","post","type-post","status-publish","format-standard","has-post-thumbnail","category-grenoble","tag-actu","tag-actualites","tag-auvergne-rhone-alpes","tag-edition-grenoble-agglomeration","tag-eu","tag-europe","tag-fil-info","tag-fr","tag-france","tag-grenoble","tag-grenoble-bassin","tag-isere","tag-les-ecologistes","tag-logement","tag-news","tag-politique","tag-republique-francaise"],"share_on_mastodon":{"url":"","error":""},"_links":{"self":[{"href":"https:\/\/www.europesays.com\/fr\/wp-json\/wp\/v2\/posts\/1164238","targetHints":{"allow":["GET"]}}],"collection":[{"href":"https:\/\/www.europesays.com\/fr\/wp-json\/wp\/v2\/posts"}],"about":[{"href":"https:\/\/www.europesays.com\/fr\/wp-json\/wp\/v2\/types\/post"}],"author":[{"embeddable":true,"href":"https:\/\/www.europesays.com\/fr\/wp-json\/wp\/v2\/users\/2"}],"replies":[{"embeddable":true,"href":"https:\/\/www.europesays.com\/fr\/wp-json\/wp\/v2\/comments?post=1164238"}],"version-history":[{"count":0,"href":"https:\/\/www.europesays.com\/fr\/wp-json\/wp\/v2\/posts\/1164238\/revisions"}],"wp:featuredmedia":[{"embeddable":true,"href":"https:\/\/www.europesays.com\/fr\/wp-json\/wp\/v2\/media\/1164239"}],"wp:attachment":[{"href":"https:\/\/www.europesays.com\/fr\/wp-json\/wp\/v2\/media?parent=1164238"}],"wp:term":[{"taxonomy":"category","embeddable":true,"href":"https:\/\/www.europesays.com\/fr\/wp-json\/wp\/v2\/categories?post=1164238"},{"taxonomy":"post_tag","embeddable":true,"href":"https:\/\/www.europesays.com\/fr\/wp-json\/wp\/v2\/tags?post=1164238"}],"curies":[{"name":"wp","href":"https:\/\/api.w.org\/{rel}","templated":true}]}}