{"id":1164240,"date":"2026-09-03T03:22:16","date_gmt":"2026-09-03T03:22:16","guid":{"rendered":"https:\/\/www.europesays.com\/fr\/1164240\/"},"modified":"2026-09-03T03:22:16","modified_gmt":"2026-09-03T03:22:16","slug":"hebergement-durgence-dans-les-ecoles-une-fracture-entre-la-municipalite-et-lopposition","status":"publish","type":"post","link":"https:\/\/www.europesays.com\/fr\/1164240\/","title":{"rendered":"H\u00e9bergement d\u2019urgence dans les \u00e9coles : une fracture entre la municipalit\u00e9 et l\u2019opposition"},"content":{"rendered":"<p>Ce mercredi 2 septembre, c\u2019est le groupe d\u2019opposition R\u00e9concilier Grenoble qui monte au cr\u00e9neau. Il d\u00e9nonce dans un communiqu\u00e9 \u00ab\u00a0l\u2019entre-deux ridicule de Laurence Ruffin\u00a0\u00bb et \u00ab\u00a0les signaux contradictoires sur l&rsquo;avenir des familles h\u00e9berg\u00e9es dans les \u00e9coles grenobloises\u00a0\u00bb.<\/p>\n<p>Il ajoute : \u00ab\u00a0Menace de plainte brandie, puis aussit\u00f4t \u00e9dulcor\u00e9e en simple \u00ab\u00a0acte administratif\u00a0\u00bb ; grandes annonces de r\u00e9quisitions en d\u00e9but de mandat, pour d\u00e9j\u00e0 les enterrer en septembre. Laurence Ruffin ne sait plus sur quel pied danser, et personne n&rsquo;est dupe.\u00a0\u00bb<\/p>\n<p>Pour R\u00e9concilier Grenoble, cette situation ne peut plus durer car \u00ab\u00a0une \u00e9cole n\u2019est pas un centre d\u2019h\u00e9bergement d\u2019urgence\u00a0\u00bb. Surtout au vu du contexte de rentr\u00e9e :\u00a0\u00ab\u00a0Un \u00e9tablissement scolaire ne peut pas durablement faire coexister projet \u00e9ducatif et accueil de familles \u00e0 la rue.\u00a0\u00bb<\/p>\n<p>Aujourd\u2019hui, l\u2019opposition appelle donc au \u00ab\u00a0bon sens\u00a0\u00bb et \u00e0 des actions concr\u00e8tes. Elle met, notamment, en avant \u00ab\u00a0800 logements vides chez ACTIS\u00a0\u00bb.<\/p>\n<p>La mairie en ligne de mire<\/p>\n<p>Mais, plus largement, c\u2019est la politique de la majorit\u00e9 municipale qui est critiqu\u00e9e. \u00ab\u00a0Car comme toujours on navigue \u00e0 vue chez Laurence Ruffin : une posture vient en chasser une autre, car elle ne veut pas se mettre \u00e0 dos LFI \u00e0 qui elle doit son \u00e9lection et qui fait son beurre \u00e9lectoral sur la mis\u00e8re des familles h\u00e9berg\u00e9es\u00a0\u00bb, d\u00e9noncent les conseillers municipaux.<\/p>\n<p>Le ton est donn\u00e9 : \u00ab\u00a0\u00c0 vouloir m\u00e9nager la ch\u00e8vre et le chou, Laurence Ruffin ne satisfait personne et, comme d&rsquo;habitude, brasse de l&rsquo;air sans rien r\u00e9soudre. Ce dossier illustre une fois de plus l&rsquo;incapacit\u00e9 de la majorit\u00e9 \u00e0 trancher et \u00e0 assumer une ligne politique claire\u00a0\u00bb, conclut le groupe de Cl\u00e9ment Chappet.<\/p>\n<p>Une situation tendue<\/p>\n<p>Pour rappel, \u00e0 Grenoble, fin mars 2025, on estimait \u00e0 4560 le nombre de personnes domicili\u00e9es dans les Centres communaux d\u2019action sociale (CCAS), dont pr\u00e8s de 1080 mineurs. Parmi elles, 57% d\u00e9clarent vivre chez un tiers, 16% b\u00e9n\u00e9ficient d\u2019un h\u00e9bergement d\u2019urgence, 25% d\u00e9clarent vivre \u00e0 la rue, en habitat de fortune ou en squats ou bidonvilles et les 2% restant ne sont pas renseign\u00e9s.<\/p>\n<p>Depuis plus de 4 ans, des collectifs de parents mettent des familles \u00e0 l\u2019abri dans les \u00e9coles. Mais cela reste insuffisant. En mars 2025, le tribunal administratif de Grenoble a condamn\u00e9 l\u2019Etat \u00e0 indemniser la Ville \u00e0 hauteur de 75 000 euros pour son action compensatrice en faveur de l\u2019h\u00e9bergement d\u2019urgence. Cette d\u00e9cision est la premi\u00e8re rendue \u00e0 la suite des recours en justice engag\u00e9s en f\u00e9vrier 2024 par Grenoble, Strasbourg, Lyon, Bordeaux et Rennes. Leur but : obtenir que l\u2019Etat remplisse ses obligations l\u00e9gales en mati\u00e8re d\u2019h\u00e9bergement d\u2019urgence.<\/p>\n","protected":false},"excerpt":{"rendered":"Ce mercredi 2 septembre, c\u2019est le groupe d\u2019opposition R\u00e9concilier Grenoble qui monte au cr\u00e9neau. Il d\u00e9nonce dans un&hellip;\n","protected":false},"author":2,"featured_media":1164241,"comment_status":"","ping_status":"","sticky":false,"template":"","format":"standard","meta":{"footnotes":"","_share_on_mastodon":"0"},"categories":[9566],"tags":[1111,11,2813,2430,1109,251,1112,2811,1777,674,118,1011,27,21780,2731,14004,1922,1110,1114,108,12,316,25,2812,517,800],"class_list":["post-1164240","post","type-post","status-publish","format-standard","has-post-thumbnail","category-grenoble","tag-actu","tag-actualites","tag-article","tag-auvergne-rhone-alpes","tag-breves","tag-culture","tag-depeches","tag-economique","tag-eu","tag-europe","tag-faits-divers","tag-fr","tag-france","tag-gf38","tag-grenoble","tag-grenoblemag","tag-info","tag-informations","tag-infos","tag-isere","tag-news","tag-politique","tag-republique-francaise","tag-sociale","tag-sport","tag-transports"],"share_on_mastodon":{"url":"https:\/\/pubeurope.com\/@fr\/117204965466560348","error":""},"_links":{"self":[{"href":"https:\/\/www.europesays.com\/fr\/wp-json\/wp\/v2\/posts\/1164240","targetHints":{"allow":["GET"]}}],"collection":[{"href":"https:\/\/www.europesays.com\/fr\/wp-json\/wp\/v2\/posts"}],"about":[{"href":"https:\/\/www.europesays.com\/fr\/wp-json\/wp\/v2\/types\/post"}],"author":[{"embeddable":true,"href":"https:\/\/www.europesays.com\/fr\/wp-json\/wp\/v2\/users\/2"}],"replies":[{"embeddable":true,"href":"https:\/\/www.europesays.com\/fr\/wp-json\/wp\/v2\/comments?post=1164240"}],"version-history":[{"count":0,"href":"https:\/\/www.europesays.com\/fr\/wp-json\/wp\/v2\/posts\/1164240\/revisions"}],"wp:featuredmedia":[{"embeddable":true,"href":"https:\/\/www.europesays.com\/fr\/wp-json\/wp\/v2\/media\/1164241"}],"wp:attachment":[{"href":"https:\/\/www.europesays.com\/fr\/wp-json\/wp\/v2\/media?parent=1164240"}],"wp:term":[{"taxonomy":"category","embeddable":true,"href":"https:\/\/www.europesays.com\/fr\/wp-json\/wp\/v2\/categories?post=1164240"},{"taxonomy":"post_tag","embeddable":true,"href":"https:\/\/www.europesays.com\/fr\/wp-json\/wp\/v2\/tags?post=1164240"}],"curies":[{"name":"wp","href":"https:\/\/api.w.org\/{rel}","templated":true}]}}