{"id":1164242,"date":"2026-09-03T03:23:57","date_gmt":"2026-09-03T03:23:57","guid":{"rendered":"https:\/\/www.europesays.com\/fr\/1164242\/"},"modified":"2026-09-03T03:23:57","modified_gmt":"2026-09-03T03:23:57","slug":"toujours-plus-de-cocaine-et-un-marche-plus-numerique-ce-que-dit-le-rapport-sur-la-consommation","status":"publish","type":"post","link":"https:\/\/www.europesays.com\/fr\/1164242\/","title":{"rendered":"Toujours plus de coca\u00efne et un march\u00e9 plus num\u00e9rique\u00a0: ce que dit le rapport sur la consommation"},"content":{"rendered":"<p>Que sait-on de la consommation de drogue \u00e0 Rennes\u00a0? <a href=\"https:\/\/rennes.maville.com\/actu\/actudet_-cannabis-cocaine-crack...-que-dit-l-enquete-sur-la-consommation-de-drogues-a-rennes-_52674-6880758_actu.Htm\" target=\"_self\" rel=\"nofollow noopener\">Le dispositif Trend\u00a0(Tendances r\u00e9centes et nouvelles drogues)<\/a> de l\u2019Observatoire fran\u00e7ais des drogues et des tendances addictives, qui s\u2019appuie sur un vaste travail d\u2019enqu\u00eate, pointe les nouvelles \u00e9volutions du march\u00e9 en 2025.<\/p>\n<p>La coca\u00efne toujours tr\u00e8s consomm\u00e9e<\/p>\n<p>D\u00e9j\u00e0 en forte hausse &#8230;<\/p>\n<p>\u00a0<\/p>\n","protected":false},"excerpt":{"rendered":"Que sait-on de la consommation de drogue \u00e0 Rennes\u00a0? Le dispositif Trend\u00a0(Tendances r\u00e9centes et nouvelles drogues) de l\u2019Observatoire&hellip;\n","protected":false},"author":2,"featured_media":1164243,"comment_status":"","ping_status":"","sticky":false,"template":"","format":"standard","meta":{"footnotes":"","_share_on_mastodon":"0"},"categories":[2821],"tags":[1111,11,829,3993,130,2827,3992,1777,674,1011,27,2089,12,4125,5747,584,25,1810],"class_list":["post-1164242","post","type-post","status-publish","format-standard","has-post-thumbnail","category-rennes","tag-actu","tag-actualites","tag-bretagne","tag-cocaine","tag-consommation","tag-dit","tag-drogues","tag-eu","tag-europe","tag-fr","tag-france","tag-marche","tag-news","tag-numerique","tag-rapport","tag-rennes","tag-republique-francaise","tag-toujours"],"share_on_mastodon":{"url":"https:\/\/pubeurope.com\/@fr\/117204973158811455","error":""},"_links":{"self":[{"href":"https:\/\/www.europesays.com\/fr\/wp-json\/wp\/v2\/posts\/1164242","targetHints":{"allow":["GET"]}}],"collection":[{"href":"https:\/\/www.europesays.com\/fr\/wp-json\/wp\/v2\/posts"}],"about":[{"href":"https:\/\/www.europesays.com\/fr\/wp-json\/wp\/v2\/types\/post"}],"author":[{"embeddable":true,"href":"https:\/\/www.europesays.com\/fr\/wp-json\/wp\/v2\/users\/2"}],"replies":[{"embeddable":true,"href":"https:\/\/www.europesays.com\/fr\/wp-json\/wp\/v2\/comments?post=1164242"}],"version-history":[{"count":0,"href":"https:\/\/www.europesays.com\/fr\/wp-json\/wp\/v2\/posts\/1164242\/revisions"}],"wp:featuredmedia":[{"embeddable":true,"href":"https:\/\/www.europesays.com\/fr\/wp-json\/wp\/v2\/media\/1164243"}],"wp:attachment":[{"href":"https:\/\/www.europesays.com\/fr\/wp-json\/wp\/v2\/media?parent=1164242"}],"wp:term":[{"taxonomy":"category","embeddable":true,"href":"https:\/\/www.europesays.com\/fr\/wp-json\/wp\/v2\/categories?post=1164242"},{"taxonomy":"post_tag","embeddable":true,"href":"https:\/\/www.europesays.com\/fr\/wp-json\/wp\/v2\/tags?post=1164242"}],"curies":[{"name":"wp","href":"https:\/\/api.w.org\/{rel}","templated":true}]}}