{"id":1164246,"date":"2026-09-03T03:26:40","date_gmt":"2026-09-03T03:26:40","guid":{"rendered":"https:\/\/www.europesays.com\/fr\/1164246\/"},"modified":"2026-09-03T03:26:40","modified_gmt":"2026-09-03T03:26:40","slug":"fete-de-la-patate-ce-week-end-cette-fete-de-village-va-nous-donner-la-frite-a-cote-de-strasbourg","status":"publish","type":"post","link":"https:\/\/www.europesays.com\/fr\/1164246\/","title":{"rendered":"F\u00eate de la Patate : ce week-end, cette f\u00eate de village va nous donner la frite \u00e0 c\u00f4t\u00e9 de Strasbourg"},"content":{"rendered":"<p>    <img loading=\"lazy\" width=\"1800\" height=\"900\" src=\"https:\/\/www.europesays.com\/fr\/wp-content\/uploads\/2025\/11\/jeanne-callthepolice.jpg\" class=\"attachment-full size-full\" alt=\"\" id=\"imageLove\" decoding=\"async\"  \/><\/p>\n<p id=\"breadcrumbs\"><a href=\"https:\/\/pokaa.fr\/\" rel=\"nofollow noopener\" target=\"_blank\">Accueil<\/a> \/ <a href=\"https:\/\/pokaa.fr\/ses-sorties\/\" rel=\"nofollow noopener\" target=\"_blank\">Sorties<\/a> \/ F\u00eate de la Patate : ce week-end, cette f\u00eate de village va nous donner la frite \u00e0 c\u00f4t\u00e9 de Strasbourg<\/p>\n<p>                    Sorties<\/p>\n<p><strong>Vous manquez un peu de patate en cette rentr\u00e9e mouvement\u00e9e ? On a une id\u00e9e de sortie pour vous\u2026 La F\u00eate de la Patate revient \u00e0 20 minutes de Strasbourg pour sa 22e \u00e9dition. On vous d\u00e9taille le programme de cette f\u00eate autour de la pomme de terre, qui r\u00e9serve plusieurs surprises du 4 au 6 septembre !\u00a0<\/strong><\/p>\n<p><strong>Le rendez-vous incontournable de la rentr\u00e9e \u00e0 Vendenheim, c\u2019est la F\u00eate de la Patate.<\/strong> Et cette ann\u00e9e n\u2019\u00e9chappe pas \u00e0 la r\u00e8gle\u00a0: <strong>du 4 au 6 septembre, il sera possible de profiter de concerts, d\u2019une f\u00eate foraine, de spectacles, d\u2019un vide-grenier, d\u2019une \u00e9lection Miss et Mister et m\u00eame\u2026 d\u2019un concours d\u2019\u00e9pluchage de patates ! <\/strong>On vous explique tout \u00e7a.<\/p>\n<p>                <img width=\"375\" height=\"500\" src=\"https:\/\/www.europesays.com\/fr\/wp-content\/uploads\/2026\/09\/fete-de-la-patate-pomme-de-terre-vendenheim-9-375x500.jpg\" class=\"attachment-gallery size-gallery\" alt=\"F\u00eate de la patate pomme de terre vendenheim (9)\" data-full-url=\"https:\/\/pokaa.fr\/wp-content\/uploads\/2026\/09\/02\/fete-de-la-patate-pomme-de-terre-vendenheim-9.jpg\" decoding=\"async\" loading=\"lazy\"  \/>            <\/p>\n<p>                <img width=\"888\" height=\"500\" src=\"https:\/\/www.europesays.com\/fr\/wp-content\/uploads\/2026\/09\/fete-de-la-patate-pomme-de-terre-vendenheim-3-888x500.jpg\" class=\"attachment-gallery size-gallery\" alt=\"F\u00eate de la patate pomme de terre vendenheim (3)\" data-full-url=\"https:\/\/pokaa.fr\/wp-content\/uploads\/2026\/09\/02\/fete-de-la-patate-pomme-de-terre-vendenheim-3.jpg\" decoding=\"async\" loading=\"lazy\"  \/>            <\/p>\n<p>                <img width=\"667\" height=\"500\" src=\"https:\/\/www.europesays.com\/fr\/wp-content\/uploads\/2026\/09\/fete-de-la-patate-pomme-de-terre-vendenheim-2-667x500.jpg\" class=\"attachment-gallery size-gallery\" alt=\"F\u00eate de la patate pomme de terre vendenheim (2)\" data-full-url=\"https:\/\/pokaa.fr\/wp-content\/uploads\/2026\/09\/02\/fete-de-la-patate-pomme-de-terre-vendenheim-2.jpg\" decoding=\"async\" loading=\"lazy\"  \/>            <\/p>\n<p>                    \u00a9 Ville de Vendenheim \/ Captures d&rsquo;\u00e9cran<\/p>\n<p>Patates par-ci, patates par-l\u00e0 <\/p>\n<p>Qui dit patates, dit activit\u00e9s de qualit\u00e9. \u00c0 ne pas manquer : <strong>la conf\u00e9rence \u00ab Les origines andines de la Grumbeerekiechle \u00bb \u00e0 la m\u00e9diath\u00e8que Tomi-Ungerer,<\/strong> pour d\u00e9couvrir les anc\u00eatre latins de nos bonnes vieilles galettes de pommes de terre. Le tout anim\u00e9 par Jean-Pierre Williot, professeur \u00e9m\u00e9rite d\u2019histoire \u00e9conomique contemporaine \u00e0 l\u2019universit\u00e9 de la Sorbonne. Eh oui, \u00e7a ne rigole pas.<\/p>\n<p>Au menu \u00e9galement, <strong>le tr\u00e8s attendu concours d\u2019\u00e9pluchage de patates, qui aura lieu le samedi et le dimanche. <\/strong>Attention aux doigts, si vous voulez <strong>gagner votre poids en pommes de terre.<\/strong><\/p>\n<p>                <img width=\"375\" height=\"500\" src=\"https:\/\/www.europesays.com\/fr\/wp-content\/uploads\/2026\/09\/fete-de-la-patate-pomme-de-terre-vendenheim-7-375x500.jpg\" class=\"attachment-gallery size-gallery\" alt=\"F\u00eate de la patate pomme de terre vendenheim (7)\" data-full-url=\"https:\/\/pokaa.fr\/wp-content\/uploads\/2026\/09\/02\/fete-de-la-patate-pomme-de-terre-vendenheim-7.jpg\" decoding=\"async\" loading=\"lazy\"  \/>            <\/p>\n<p>                <img width=\"667\" height=\"500\" src=\"https:\/\/www.europesays.com\/fr\/wp-content\/uploads\/2026\/09\/fete-de-la-patate-pomme-de-terre-vendenheim-1-667x500.jpg\" class=\"attachment-gallery size-gallery\" alt=\"F\u00eate de la patate pomme de terre vendenheim (1)\" data-full-url=\"https:\/\/pokaa.fr\/wp-content\/uploads\/2026\/09\/02\/fete-de-la-patate-pomme-de-terre-vendenheim-1.jpg\" decoding=\"async\" loading=\"lazy\"  \/>            <\/p>\n<p>                <img width=\"667\" height=\"500\" src=\"https:\/\/www.europesays.com\/fr\/wp-content\/uploads\/2026\/09\/fete-de-la-patate-pomme-de-terre-vendenheim-8-667x500.jpg\" class=\"attachment-gallery size-gallery\" alt=\"F\u00eate de la patate pomme de terre vendenheim (8)\" data-full-url=\"https:\/\/pokaa.fr\/wp-content\/uploads\/2026\/09\/02\/fete-de-la-patate-pomme-de-terre-vendenheim-8.jpg\" decoding=\"async\" loading=\"lazy\"  \/>            <\/p>\n<p>                    \u00a9 Ville de Vendenheim \/ Captures d&rsquo;\u00e9cran<\/p>\n<p>Des spectacles pour toutes et tous<\/p>\n<p>De nombreux spectacles seront \u00e9galement au rendez-vous pour r\u00e9galer les mirettes comme les oreilles. Sous le chapiteau dress\u00e9 pour l\u2019occasion, <strong>le concert d\u2019inauguration aura lieu avec l\u2019ensemble d\u2019accord\u00e9on de Vendenheim, qui c\u00e9dera ensuite la place \u00e0 Robin Leon<\/strong> et ses hits fa\u00e7on schlager.<\/p>\n<p>Mais ce n\u2019est que le d\u00e9but d\u2019un programme bien charg\u00e9. Au menu du week-end \u00e9galement, <strong>un show ann\u00e9es 80 et 90 pour danser jusqu\u2019au bout de la nuit, ou encore de nombreux spectacles d\u2019arts de rue pour le Baz\u2019Arts de rue, un peu dans tout le village. <\/strong><\/p>\n<p>                <img width=\"667\" height=\"500\" src=\"https:\/\/www.europesays.com\/fr\/wp-content\/uploads\/2026\/09\/fete-de-la-patate-pomme-de-terre-vendenheim-5-667x500.jpg\" class=\"attachment-gallery size-gallery\" alt=\"F\u00eate de la patate pomme de terre vendenheim (5)\" data-full-url=\"https:\/\/pokaa.fr\/wp-content\/uploads\/2026\/09\/02\/fete-de-la-patate-pomme-de-terre-vendenheim-5.jpg\" decoding=\"async\" loading=\"lazy\"  \/>            <\/p>\n<p>                <img width=\"667\" height=\"500\" src=\"https:\/\/www.europesays.com\/fr\/wp-content\/uploads\/2026\/09\/fete-de-la-patate-pomme-de-terre-vendenheim-6-667x500.jpg\" class=\"attachment-gallery size-gallery\" alt=\"F\u00eate de la patate pomme de terre vendenheim (6)\" data-full-url=\"https:\/\/pokaa.fr\/wp-content\/uploads\/2026\/09\/02\/fete-de-la-patate-pomme-de-terre-vendenheim-6.jpg\" decoding=\"async\" loading=\"lazy\"  \/>            <\/p>\n<p>                <img width=\"334\" height=\"500\" src=\"https:\/\/www.europesays.com\/fr\/wp-content\/uploads\/2025\/06\/capture-decran-2024-06-12-000828-334x500.png\" class=\"attachment-gallery size-gallery\" alt=\"Robin Leon\" data-full-url=\"https:\/\/pokaa.fr\/wp-content\/uploads\/2024\/06\/11\/capture-decran-2024-06-12-000828.png\" decoding=\"async\" loading=\"lazy\"  \/>            <\/p>\n<p>                    1. et 2. \u00a9 Ville de Vendenheim, 3. \u00a9 Robin Leon \/ Captures d&rsquo;\u00e9cran<\/p>\n<p>On peut par exemple citer le <strong>spectacle de jonglage Op\u00e9ra pour Spaghetti<\/strong>\u00a0de la Cie Facile \u00e0 Retenir, ou <strong>Marionnetta de la Cie Lucy &amp; Lucky Loop,<\/strong> avec des num\u00e9ros alliant tissu a\u00e9rien et contorsion.<\/p>\n<p>\u00c0 retrouver \u00e9galement, <strong>du r\u00e9cit clownesque, des contes musicaux ou encore du th\u00e9\u00e2tre, <\/strong>pour les petit(e)s comme les grand(e)s. <strong>Le programme complet du Baz\u2019Arts de rue <a href=\"https:\/\/vendenheim.fr\/fete-de-la-patate-2026\/\" target=\"_blank\" rel=\"noopener nofollow\">est par ici<\/a>. <\/strong><\/p>\n<\/p>\n<p>    <img width=\"800\" height=\"533\" src=\"https:\/\/www.europesays.com\/fr\/wp-content\/uploads\/2026\/09\/marionetta-2-800x533.jpg\" class=\"attachment-image-size-L size-image-size-L\" alt=\"Marionetta cie lucy et lucky loop\" decoding=\"async\" loading=\"lazy\"  \/>         \u00a9 Cie Lucy et Lucky Loop \/ Capture d&rsquo;\u00e9cran <\/p>\n<p>Artisanat, f\u00eate foraine, feux d\u2019artifice&#8230; la f\u00eate n\u2019est jamais finie<\/p>\n<p style=\"text-align: left;\">Vous croyez qu\u2019on avait fait le tour de la programmation ? Que nenni. Bien des surprises sont encore au menu : <strong>une f\u00eate foraine, des feux d\u2019artifice, une \u00e9lection Miss et Mister Vendenheim, une brocante, la comp\u00e9tition de sports de glisse Potatoes contest au skatepark, un march\u00e9 de l\u2019artisanat et du savoir-faire, les portes ouvertes des pompiers\u2026<\/strong> De quoi vous donner la patate\u00a0!<\/p>\n<p>(Ok on arr\u00eate. En attendant, <strong>le programme complet, c\u2019est <a href=\"https:\/\/vendenheim.fr\/fete-de-la-patate-2026\/\" target=\"_blank\" rel=\"noopener nofollow\">par-l\u00e0<\/a>\u00a0!<\/strong>)<\/p>\n<p>                <img width=\"667\" height=\"500\" src=\"https:\/\/www.europesays.com\/fr\/wp-content\/uploads\/2026\/09\/fete-de-la-patate-pomme-de-terre-vendenheim-12-667x500.jpg\" class=\"attachment-gallery size-gallery\" alt=\"F\u00eate de la patate pomme de terre vendenheim (12)\" data-full-url=\"https:\/\/pokaa.fr\/wp-content\/uploads\/2026\/09\/02\/fete-de-la-patate-pomme-de-terre-vendenheim-12.jpg\" decoding=\"async\" loading=\"lazy\"  \/>            <\/p>\n<p>                <img width=\"667\" height=\"500\" src=\"https:\/\/www.europesays.com\/fr\/wp-content\/uploads\/2026\/09\/fete-de-la-patate-pomme-de-terre-vendenheim-11-667x500.jpg\" class=\"attachment-gallery size-gallery\" alt=\"F\u00eate de la patate pomme de terre vendenheim (11)\" data-full-url=\"https:\/\/pokaa.fr\/wp-content\/uploads\/2026\/09\/02\/fete-de-la-patate-pomme-de-terre-vendenheim-11.jpg\" decoding=\"async\" loading=\"lazy\"  \/>            <\/p>\n<p>                    \u00a9 Ville de Vendenheim \/ Captures d&rsquo;\u00e9cran<\/p>\n<p>            F\u00eate de la Patate<\/p>\n<p>            Quoi ? <\/p>\n<p>Animations, spectacles, concours<\/p>\n<p>                Quand ?<\/p>\n<p>Du 4 au 6 septembre (ouverture le 4 septembre \u00e0 18h30)<\/p>\n<p>            o\u00f9 ?<\/p>\n<p>Lieux divers dans Vendenheim<\/p>\n<p>                Plus d&rsquo;infos ?<\/p>\n<p><a href=\"https:\/\/vendenheim.fr\/fete-de-la-patate-2026\/\" target=\"_blank\" rel=\"noopener nofollow\">Le programme complet<\/a><br \/><a href=\"https:\/\/www.facebook.com\/vendenheim\/\" target=\"_blank\" rel=\"noopener nofollow\">La page Facebook de la commune de Vendenheim<\/a><\/p>\n","protected":false},"excerpt":{"rendered":"Accueil \/ Sorties \/ F\u00eate de la Patate : ce week-end, cette f\u00eate de village va nous donner&hellip;\n","protected":false},"author":2,"featured_media":1164247,"comment_status":"","ping_status":"","sticky":false,"template":"","format":"standard","meta":{"footnotes":"","_share_on_mastodon":"0"},"categories":[2820],"tags":[1111,11,76132,102036,1777,674,119961,11501,1011,27,775,12,119962,25,640,58524,17241],"class_list":["post-1164246","post","type-post","status-publish","format-standard","has-post-thumbnail","category-strasbourg","tag-actu","tag-actualites","tag-alsace-actualite","tag-art-de-rue","tag-eu","tag-europe","tag-fete-de-la-patate","tag-fete-foraine","tag-fr","tag-france","tag-grand-est","tag-news","tag-pomme-de-terre","tag-republique-francaise","tag-strasbourg","tag-strasbourg-actualite","tag-vendenheim"],"share_on_mastodon":{"url":"https:\/\/pubeurope.com\/@fr\/117204984820951957","error":""},"_links":{"self":[{"href":"https:\/\/www.europesays.com\/fr\/wp-json\/wp\/v2\/posts\/1164246","targetHints":{"allow":["GET"]}}],"collection":[{"href":"https:\/\/www.europesays.com\/fr\/wp-json\/wp\/v2\/posts"}],"about":[{"href":"https:\/\/www.europesays.com\/fr\/wp-json\/wp\/v2\/types\/post"}],"author":[{"embeddable":true,"href":"https:\/\/www.europesays.com\/fr\/wp-json\/wp\/v2\/users\/2"}],"replies":[{"embeddable":true,"href":"https:\/\/www.europesays.com\/fr\/wp-json\/wp\/v2\/comments?post=1164246"}],"version-history":[{"count":0,"href":"https:\/\/www.europesays.com\/fr\/wp-json\/wp\/v2\/posts\/1164246\/revisions"}],"wp:featuredmedia":[{"embeddable":true,"href":"https:\/\/www.europesays.com\/fr\/wp-json\/wp\/v2\/media\/1164247"}],"wp:attachment":[{"href":"https:\/\/www.europesays.com\/fr\/wp-json\/wp\/v2\/media?parent=1164246"}],"wp:term":[{"taxonomy":"category","embeddable":true,"href":"https:\/\/www.europesays.com\/fr\/wp-json\/wp\/v2\/categories?post=1164246"},{"taxonomy":"post_tag","embeddable":true,"href":"https:\/\/www.europesays.com\/fr\/wp-json\/wp\/v2\/tags?post=1164246"}],"curies":[{"name":"wp","href":"https:\/\/api.w.org\/{rel}","templated":true}]}}