{"id":116427,"date":"2025-05-21T08:42:13","date_gmt":"2025-05-21T08:42:13","guid":{"rendered":"https:\/\/www.europesays.com\/fr\/116427\/"},"modified":"2025-05-21T08:42:13","modified_gmt":"2025-05-21T08:42:13","slug":"litalien-hmoda-prevoit-dinvestir-dans-des-entreprises-francaises","status":"publish","type":"post","link":"https:\/\/www.europesays.com\/fr\/116427\/","title":{"rendered":"L&rsquo;Italien HModa pr\u00e9voit d&rsquo;investir dans des entreprises fran\u00e7aises"},"content":{"rendered":"<p class=\"article-content col-md-8 offset-md-1\">\n                                L&rsquo;industrie italienne du luxe va se donner un nouveau pied-\u00e0-terre op\u00e9rationnel en r\u00e9gion parisienne. Le p\u00f4le d\u2019excellence HModa, fond\u00e9 en 2017 et qui r\u00e9unit 18 soci\u00e9t\u00e9s actives dans diff\u00e9rents segments de la cha\u00eene de production italienne de la mode va ouvrir en septembre un nouveau centre strat\u00e9gique \u00e0 Aubervilliers, en Seine Saint-Denis, au nord de Paris.<\/p>\n<p><img decoding=\"async\" class=\"news-image\" style=\"width:100%;\" src=\"https:\/\/www.europesays.com\/fr\/wp-content\/uploads\/2025\/05\/26de.jpg\" alt=\"HModa va ouvrir un hub \u00e0 Auberviliers apr\u00e8s l'\u00e9t\u00e9\" loading=\"lazy\"\/>HModa va ouvrir un hub \u00e0 Auberviliers apr\u00e8s l&rsquo;\u00e9t\u00e9 &#8211; HModa<\/p>\n<p class=\"col-md-8 offset-md-1 article-content--texte\">Ce lieu de 3.000 m\u00e8tres carr\u00e9s install\u00e9 dans un b\u00e2timent r\u00e9cent dans le quartier Front Populaire, qui vise compter une trentaine de collaborateurs \u00e0 terme comportera un atelier de prototypage, un centre de recherche et d\u00e9veloppement, un showroom valorisant les savoir-faire du groupe, ainsi qu\u2019un p\u00f4le de formation. Cet outil doit permettre \u00e0 HModa de \u00ab\u00a0r\u00e9aliser une alliance industrielle franco-italienne au service des marques de luxe internationales\u00a0\u00bb, explique un communiqu\u00e9.<\/p>\n<p>\u00ab\u00a0La France dispose d\u2019un patrimoine industriel unique et de savoir-faire d\u2019exception, d\u00e9taille ainsi Claudio Rovere, pr\u00e9sident et fondateur de la holding. Avec HModa, notre ambition est de les soutenir, les valoriser et les connecter \u00e0 un r\u00e9seau international, tout en respectant leur identit\u00e9 propre. Ce que nous construisons ici, c\u2019est une alliance industrielle franco-italienne tourn\u00e9e vers l\u2019avenir\u00a0\u00bb.<\/p>\n<p class=\"col-md-8 offset-md-1 article-content--texte\">Dans un premier temps, les savoir-faire italiens des entit\u00e9s du groupe, qui compte quatre unit\u00e9s d\u00e9di\u00e9es \u00e0 la maroquinerie, aux textiles, \u00e0 la couture et \u00e0 la chaussure, seront pr\u00e9sent\u00e9s \u00e0 Aubervilliers et l&rsquo;atelier prototypage, initialement d\u00e9di\u00e9 \u00e0 la maroquinerie, doit permettre d&rsquo;apporter des services aux marques fran\u00e7aises en recherche de <a class=\"fnwAddLinks\" href=\"https:\/\/ma.fashionnetwork.com\/tags-made-in-italy\" title=\"Made in Italy\" rel=\"nofollow noopener\" target=\"_blank\">Made in Italy<\/a>.<\/p>\n<p>Mais la structure veut \u00e0 terme proposer des solutions pour les acteurs en recherche de production Made in France. L&rsquo;entit\u00e9 fran\u00e7aise, <a href=\"https:\/\/fr.fashionnetwork.com\/news\/Hmoda-france-le-hub-francais-du-made-in-italy-confie-a-gilles-lasbordes,1679575.html\" rel=\"nofollow noopener\" target=\"_blank\">dirig\u00e9e par l&rsquo;ancien patron des salons Premi\u00e8re Vision Gilles Lasbordes<\/a>, a vocation \u00e0 investir dans \u00ab\u00a0des PME industrielles fran\u00e7aises du secteur du luxe \u2013 notamment dans la maroquinerie, la couture ou encore les m\u00e9tiers d\u2019art\u00a0\u00bb. L&rsquo;annonce a \u00e9t\u00e9 faite en parall\u00e8le du rassemblement Choose France cette semaine sans toutefois pr\u00e9ciser l&rsquo;enveloppe d\u00e9di\u00e9e \u00e0 ce projet.<\/p>\n<p>HModa entend constituer un \u00e9cosyst\u00e8me compl\u00e9mentaire de savoir-faire pour r\u00e9pondre aux besoins de diff\u00e9rents acteurs du tr\u00e8s haut de gamme. \u00ab\u00a0HModa a pris des participations majoritaires dans l&rsquo;ensemble des soci\u00e9t\u00e9s italiennes. Mais la volont\u00e9 est de conserver les dirigeants de ces entreprises \u00e0 la t\u00eate des op\u00e9rations. De maintenir l&rsquo;identit\u00e9 et les relations que ces acteurs ont cr\u00e9\u00e9 avec les maisons de luxe en leur apportant des solutions pour les accompagner dans leur transformation, explique <a class=\"fnwAddLinks\" href=\"https:\/\/ma.fashionnetwork.com\/tags-gilles-lasbordes\" title=\"Gilles Lasbordes\" rel=\"nofollow noopener\" target=\"_blank\">Gilles Lasbordes<\/a>. Notre ambition est d&rsquo;apporter cette approche \u00e0 des entreprises fran\u00e7aises qui b\u00e9n\u00e9ficie d&rsquo;une expertise dans le Made in France. C&rsquo;est une philosophie d&rsquo;investissement de long terme, une alternative entre les grands groupes et les fonds d&rsquo;investissements\u00a0\u00bb.<\/p>\n<p>Hmoda pr\u00e9sente un plan comprenant la mise \u00e0 disposition d&rsquo;outils permettant d&rsquo;accompagner une transition durable des entreprises mais aussi de former leurs \u00e9quipes aux m\u00e9tiers et aux derni\u00e8res pratiques afin notamment de favoriser le renouvellement des g\u00e9n\u00e9rations, le manque de main d&rsquo;oeuvre qualifi\u00e9 repr\u00e9sentant un frein majeur \u00e0 la p\u00e9rennit\u00e9 des soci\u00e9t\u00e9s.<\/p>\n<p>\u00a0\n                            <\/p>\n<p>\n                                Tous droits de reproduction et de repr\u00e9sentation r\u00e9serv\u00e9s.<br \/>\u00a9 2025 FashionNetwork.com\n                            <\/p>\n","protected":false},"excerpt":{"rendered":"L&rsquo;industrie italienne du luxe va se donner un nouveau pied-\u00e0-terre op\u00e9rationnel en r\u00e9gion parisienne. Le p\u00f4le d\u2019excellence HModa,&hellip;\n","protected":false},"author":2,"featured_media":116428,"comment_status":"","ping_status":"","sticky":false,"template":"","format":"standard","meta":{"footnotes":""},"categories":[1888],"tags":[11,2424,537,2423,1777,674,1011,27,23674,2425,23673,985,12,2298,626,6866,2426,2427,25,2421,2422],"class_list":{"0":"post-116427","1":"post","2":"type-post","3":"status-publish","4":"format-standard","5":"has-post-thumbnail","7":"category-paris","8":"tag-actualites","9":"tag-beaute","10":"tag-contact","11":"tag-cosmetiques","12":"tag-eu","13":"tag-europe","14":"tag-fr","15":"tag-france","16":"tag-gilles-lasbordes","17":"tag-luxe","18":"tag-made-in-italy","19":"tag-mode","20":"tag-news","21":"tag-parfum","22":"tag-paris","23":"tag-premiere-vision","24":"tag-professionnel","25":"tag-professionnels","26":"tag-republique-francaise","27":"tag-reseau","28":"tag-textile"},"share_on_mastodon":{"url":"https:\/\/pubeurope.com\/@fr\/114544937737299370","error":""},"_links":{"self":[{"href":"https:\/\/www.europesays.com\/fr\/wp-json\/wp\/v2\/posts\/116427","targetHints":{"allow":["GET"]}}],"collection":[{"href":"https:\/\/www.europesays.com\/fr\/wp-json\/wp\/v2\/posts"}],"about":[{"href":"https:\/\/www.europesays.com\/fr\/wp-json\/wp\/v2\/types\/post"}],"author":[{"embeddable":true,"href":"https:\/\/www.europesays.com\/fr\/wp-json\/wp\/v2\/users\/2"}],"replies":[{"embeddable":true,"href":"https:\/\/www.europesays.com\/fr\/wp-json\/wp\/v2\/comments?post=116427"}],"version-history":[{"count":0,"href":"https:\/\/www.europesays.com\/fr\/wp-json\/wp\/v2\/posts\/116427\/revisions"}],"wp:featuredmedia":[{"embeddable":true,"href":"https:\/\/www.europesays.com\/fr\/wp-json\/wp\/v2\/media\/116428"}],"wp:attachment":[{"href":"https:\/\/www.europesays.com\/fr\/wp-json\/wp\/v2\/media?parent=116427"}],"wp:term":[{"taxonomy":"category","embeddable":true,"href":"https:\/\/www.europesays.com\/fr\/wp-json\/wp\/v2\/categories?post=116427"},{"taxonomy":"post_tag","embeddable":true,"href":"https:\/\/www.europesays.com\/fr\/wp-json\/wp\/v2\/tags?post=116427"}],"curies":[{"name":"wp","href":"https:\/\/api.w.org\/{rel}","templated":true}]}}