{"id":1164272,"date":"2026-09-03T03:42:21","date_gmt":"2026-09-03T03:42:21","guid":{"rendered":"https:\/\/www.europesays.com\/fr\/1164272\/"},"modified":"2026-09-03T03:42:21","modified_gmt":"2026-09-03T03:42:21","slug":"om-marseille-dit-oui-au-paris-fc-mais-non-au-psg","status":"publish","type":"post","link":"https:\/\/www.europesays.com\/fr\/1164272\/","title":{"rendered":"OM : Marseille dit oui au Paris FC, mais non au PSG"},"content":{"rendered":"<p><b>Comme chaque ann\u00e9e, les supporters du Paris Saint-Germain seront interdits de d\u00e9placement \u00e0 Marseille. En revanche, les amoureux du <a href=\"https:\/\/www.foot01.com\/parisfc\" title=\"Paris FC\" rel=\"nofollow noopener\" target=\"_blank\">Paris FC<\/a> auront acc\u00e8s au V\u00e9lodrome dimanche gr\u00e2ce \u00e0 la d\u00e9cision de la pr\u00e9fecture des Bouches-du-Rh\u00f4ne.<\/b>Certains Parisiens sont les bienvenus au V\u00e9lodrome. On ne parle \u00e9videmment pas des supporters du Paris Saint-Germain qui subissent encore et toujours la m\u00eame mesure. En raison de la rivalit\u00e9 entre le double champion d\u2019Europe et <a href=\"https:\/\/www.foot01.com\/equipe\/marseille\/\" target=\"_blank\" rel=\"nofollow noopener\">l\u2019Olympique de Marseille<\/a>, les habitu\u00e9s du Parc des Princes seront interdits de d\u00e9placement dans la cit\u00e9 phoc\u00e9enne \u00e0 l\u2019occasion du Classique programm\u00e9 le 20 septembre. Une d\u00e9cision logique et qui ne surprendra personne.En revanche, les fans du Paris FC, eux, auront bien le droit d\u2019accompagner leur \u00e9quipe au V\u00e9lodrome ce dimanche. L\u2019autre club de la capitale ne subit aucune interdiction de d\u00e9placement. La pr\u00e9fecture des Bouches-du-Rh\u00f4ne a seulement prononc\u00e9 un encadrement des supporters du Paris FC \u00e0 Marseille, annoncent les quotidiens L\u2019Equipe et Le Parisien. L\u00e0 encore, ce n\u2019est pas vraiment une surprise \u00e9tant donn\u00e9 qu\u2019il n\u2019existe aucune rivalit\u00e9 entre les deux adversaires de la 3e journ\u00e9e de <a href=\"https:\/\/www.foot01.com\/ligue1\" title=\"Ligue 1\" rel=\"nofollow noopener\" target=\"_blank\">Ligue 1<\/a>. C\u2019est d\u2019ailleurs la raison pour laquelle les fid\u00e8les du Paris FC avaient d\u00e9j\u00e0 \u00e9t\u00e9 autoris\u00e9s \u00e0 se rendre au V\u00e9lodrome la saison derni\u00e8re.Aucune tension l&rsquo;an dernier<\/p>\n<p>Les visiteurs avaient pris cher (5-2) le 23 ao\u00fbt 2025. Mais tout s\u2019\u00e9tait bien pass\u00e9 dans les tribunes alors que la Division nationale de la lutte contre le hooliganisme (DNLH) avait class\u00e9 le match au niveau 4 sur 5. Le bon comportement des supporters l\u2019ann\u00e9e derni\u00e8re pourrait donc inciter la DNLH \u00e0 revoir sa classification, en esp\u00e9rant que la nouvelle confrontation \u00e0 venir confirmera cette tendance positive. D\u2019\u00e9ventuels d\u00e9bordements ne sont pas \u00e0 exclure dans ce contexte difficile pour les Marseillais, priv\u00e9s de recrue cet \u00e9t\u00e9 \u00e0 cause de leur crise financi\u00e8re.<\/p>\n","protected":false},"excerpt":{"rendered":"Comme chaque ann\u00e9e, les supporters du Paris Saint-Germain seront interdits de d\u00e9placement \u00e0 Marseille. En revanche, les amoureux&hellip;\n","protected":false},"author":2,"featured_media":1164273,"comment_status":"","ping_status":"","sticky":false,"template":"","format":"standard","meta":{"footnotes":"","_share_on_mastodon":"0"},"categories":[2814],"tags":[1111,11,1777,674,1011,27,66,884,12,149,445,882,93,25],"class_list":["post-1164272","post","type-post","status-publish","format-standard","has-post-thumbnail","category-marseille","tag-actu","tag-actualites","tag-eu","tag-europe","tag-fr","tag-france","tag-ligue-1","tag-marseille","tag-news","tag-om","tag-paris-fc","tag-provence-alpes-cote-dazur","tag-psg","tag-republique-francaise"],"share_on_mastodon":{"url":"https:\/\/pubeurope.com\/@fr\/117205044276346050","error":""},"_links":{"self":[{"href":"https:\/\/www.europesays.com\/fr\/wp-json\/wp\/v2\/posts\/1164272","targetHints":{"allow":["GET"]}}],"collection":[{"href":"https:\/\/www.europesays.com\/fr\/wp-json\/wp\/v2\/posts"}],"about":[{"href":"https:\/\/www.europesays.com\/fr\/wp-json\/wp\/v2\/types\/post"}],"author":[{"embeddable":true,"href":"https:\/\/www.europesays.com\/fr\/wp-json\/wp\/v2\/users\/2"}],"replies":[{"embeddable":true,"href":"https:\/\/www.europesays.com\/fr\/wp-json\/wp\/v2\/comments?post=1164272"}],"version-history":[{"count":0,"href":"https:\/\/www.europesays.com\/fr\/wp-json\/wp\/v2\/posts\/1164272\/revisions"}],"wp:featuredmedia":[{"embeddable":true,"href":"https:\/\/www.europesays.com\/fr\/wp-json\/wp\/v2\/media\/1164273"}],"wp:attachment":[{"href":"https:\/\/www.europesays.com\/fr\/wp-json\/wp\/v2\/media?parent=1164272"}],"wp:term":[{"taxonomy":"category","embeddable":true,"href":"https:\/\/www.europesays.com\/fr\/wp-json\/wp\/v2\/categories?post=1164272"},{"taxonomy":"post_tag","embeddable":true,"href":"https:\/\/www.europesays.com\/fr\/wp-json\/wp\/v2\/tags?post=1164272"}],"curies":[{"name":"wp","href":"https:\/\/api.w.org\/{rel}","templated":true}]}}