{"id":1164280,"date":"2026-09-03T03:46:16","date_gmt":"2026-09-03T03:46:16","guid":{"rendered":"https:\/\/www.europesays.com\/fr\/1164280\/"},"modified":"2026-09-03T03:46:16","modified_gmt":"2026-09-03T03:46:16","slug":"fougeres-arme-dun-couteau-il-reclame-20-e-pour-des-paris-sportifs","status":"publish","type":"post","link":"https:\/\/www.europesays.com\/fr\/1164280\/","title":{"rendered":"Foug\u00e8res : arm\u00e9 d\u2019un couteau, il r\u00e9clame 20 \u20ac pour des paris sportifs"},"content":{"rendered":"<p>                    Par<br \/>\n        <strong><br \/>\n            <a href=\"https:\/\/actu.fr\/auteur\/journaliste-lachronique\" title=\"Consulter tous les articles de R\u00e9daction Foug\u00e8res\" rel=\"nofollow noopener\" target=\"_blank\">R\u00e9daction Foug\u00e8res<\/a><br \/>\n                    <\/strong><\/p>\n<p>        Publi\u00e9 le<\/p>\n<p>            2 sept. 2026 \u00e0 15h43        <\/p>\n<p>Le <b>tribunal <\/b>correctionnel de Rennes a condamn\u00e9, mardi 1er\u00a0septembre, un jeune Ivoirien de <b>18<\/b>\u00a0<b>ans <\/b>qui avait menac\u00e9 un autre jeune \u00e0 <a href=\"https:\/\/actu.fr\/bretagne\/fougeres_35115\/\" rel=\"nofollow noopener\" target=\"_blank\">Foug\u00e8res<\/a> (Ille-et-Vilaine) pour le forcer \u00e0 lui remettre <b>\u00ab\u200920<\/b>\u00a0<b>\u20ac\u00bb.<\/b><\/p>\n<p class=\" wall-content\">Les <b>policiers <\/b>\u00e9taient en fait intervenus le 26\u00a0mai 2026 vers 17\u2009h\u200935 pour un \u00ab\u2009<b>diff\u00e9rend<\/b>\u2009\u00bb sur la voie publique impliquant un homme \u00ab\u2009arm\u00e9 d\u2019un <b>couteau\u2009<\/b>\u00bb. Le suspect avait effectivement \u00e9t\u00e9 <b>interpell\u00e9 <\/b>\u00ab\u2009quinze minutes plus tard\u2009\u00bb avec un <b>couteau <\/b>\u00ab\u2009\u00e0 manche violet\u2009\u00bb et \u00ab\u2009\u00e0 lame de<b> 7<\/b>\u00a0<b>cm de long\u2009<\/b>\u00bb, a relat\u00e9 le pr\u00e9sident \u00e0 la lecture des pi\u00e8ces du dossier.<\/p>\n<p>Il menace de \u00ab\u2009planter\u2009\u00bb et \u00ab\u2009tuer\u2009\u00bb sa victime<\/p>\n<p class=\" wall-content\">D\u2019apr\u00e8s les <b>d\u00e9clarations <\/b>des t\u00e9moins et les images de vid\u00e9osurveillance, Koffi* avait ordonn\u00e9 \u00e0 la <b>victime <\/b>de lui \u00ab\u2009donner <b>20<\/b>\u00a0<b>\u20ac<\/b>\u00bb sans quoi il allait la \u00ab\u2009planter\u2009\u00bb et la \u00ab\u2009<b>tuer\u2009<\/b>\u00bb. C\u2019est une <b>amie <\/b>de la victime qui lui avait finalement remis cette somme. \u00ab\u2009Il a sorti un couteau de sa <b>sacoche Lacoste <\/b>alors qu\u2019il \u00e9tait debout devant moi, \u00e0 un <b>m\u00e8tre\u2009<\/b>\u00bb, avait confirm\u00e9 la victime aux enqu\u00eateurs.<\/p>\n<p class=\" wall-content\">Koffi* avait pour sa part dans un premier temps <b>ni\u00e9 <\/b>les faits avant d\u2019\u00eatre confront\u00e9 \u00e0 la <b>vid\u00e9osurveillance<\/b>. \u00c0 la barre du tribunal, ce mardi 1er\u00a0septembre, il a reconnu avoir voulu \u00ab\u2009<b>faire peur\u2009<\/b>\u00bb au jeune pour obtenir cet argent afin de \u00ab\u2009faire des <b>paris sportifs <\/b>sur le t\u00e9l\u00e9phone\u2009\u00bb.\u00a0Mais \u00ab\u2009je ne voulais pas le <b>toucher\u2009<\/b>\u00bb, a assur\u00e9 le jeune Ivoirien de 18\u00a0ans, qui n\u2019a \u00ab\u2009aucune <b>attache\u2009<\/b>\u00bb en France depuis son arriv\u00e9e en 2023. \u00ab\u2009Je n\u2019\u00e9tais pas dans un <b>esprit normal\u2009<\/b>\u00bb, a-t-il toutefois admis, car il avait \u00ab\u2009<b>bu <\/b>un peu\u2009\u00bb en \u00ab\u2009<b>bo\u00eete\u2009<\/b>\u00bb avant les faits.<\/p>\n<p>Alcool, cannabis, formation interrompue\u2026<\/p>\n<p class=\" wall-content\">Sur le plan <b>m\u00e9dical<\/b>, Koffi* souffre effectivement d\u2019une \u00ab\u2009<b>addiction\u2009<\/b>\u00bb \u00e0 <b>l\u2019alcool <\/b>et au <b>cannabis <\/b>qui \u00ab\u2009fait qu\u2019il est toujours \u00e0 la recherche <b>d\u2019argent\u2009<\/b>\u00bb, avait relev\u00e9 l\u2019expert psychologue qui l\u2019a rencontr\u00e9. Sa \u00ab\u2009formation en <b>nettoyage de vitres\u2009<\/b>\u00bb a m\u00eame d\u00fb \u00eatre arr\u00eat\u00e9e en raison de \u00ab\u2009<b>vols d\u2019alcool\u2009<\/b>\u00bb et de plusieurs \u00ab\u2009\u00e9tats <b>d\u2019\u00e9bri\u00e9t\u00e9\u2009<\/b>\u00bb\u2026 Mais l\u2019expert n\u2019a conclu \u00e0 aucune \u00ab\u2009<b>anomalie mentale <\/b>ou psychique\u2009\u00bb.<\/p>\n<p class=\" wall-content\">Sur le plan <b>judiciaire<\/b>, le jeune homme a d\u00e9j\u00e0 \u00e9t\u00e9 condamn\u00e9 en <b>juillet<\/b>\u00a0<b>2026 <\/b>pour des \u00ab\u2009<b>menaces\u2009<\/b>\u00bb sur une jeune fille \u00ab\u2009<b>t\u00e9moin\u2009<\/b>\u00bb dans cette affaire\u2026 alors qu\u2019il \u00e9tait plac\u00e9 sous <b>contr\u00f4le judiciaire <\/b>en attendant l\u2019audience de ce mardi 1er\u00a0septembre. \u00ab\u2009Il y a un enjeu sur la <b>reconnaissance <\/b>de son comportement violent\u2009\u00bb, avait donc r\u00e9sum\u00e9 la procureure de la R\u00e9publique. Elle avait dans ces conditions <b>requis <\/b>six mois de prison avec <b>sursis <\/b>probatoire, avec l\u2019obligation de se <b>soigner<\/b>, de travailler et <b>l\u2019interdiction <\/b>de d\u00e9tenir une arme pendant cinq ans.<\/p>\n<p>Une s\u00e9rie d\u2019obligations en verdict<\/p>\n<p class=\" wall-content\"><b>L\u2019avocate <\/b>de Koffi* avait de son c\u00f4t\u00e9 invit\u00e9 les juges \u00e0 laisser son client \u00ab\u2009poursuivre sa <b>dynamique <\/b>positive\u2009\u00bb\u2009: ce jeune homme \u00ab\u2009<b>vuln\u00e9rable\u2009<\/b>\u00bb est actuellement suivi par la Maison d\u2019enfants \u00e0 <b>caract\u00e8re social <\/b>(MECS) du Couesnon et a pr\u00e9sent\u00e9 un dossier \u00e0 la Maison d\u00e9partementale des personnes <b>handicap\u00e9es <\/b>(MDPH) d\u2019Ille-et-Vilaine. \u00ab\u2009Il veut bien faire mais je pense qu\u2019il faut du <b>temps <\/b>pour qu\u2019il int\u00e8gre les <b>r\u00e8gles<\/b>, gageons que cette audience aura une vertu <b>p\u00e9dagogique <\/b>sur lui\u2009\u00bb, avait esp\u00e9r\u00e9 Me St\u00e9phanie Peltier.<\/p>\n<p class=\" wall-content\">Le <b>tribunal <\/b>correctionnel de Rennes a finalement condamn\u00e9 Koffi* \u00e0 <b>huit mois de prison <\/b>sursis probatoire\u2009: s\u2019il veut \u00e9chapper \u00e0 l\u2019incarc\u00e9ration, il devra pendant deux ans suivre des <b>soins<\/b>, exercer une activit\u00e9 <b>professionnelle<\/b>, payer les <b>sommes <\/b>qu\u2019il doit au Tr\u00e9sor public et ne pas entrer en <b>relation <\/b>avec la victime.<\/p>\n<p class=\" wall-content\"><b>RB et GF (PressPepper)<\/b><\/p>\n<p>*Le pr\u00e9nom a \u00e9t\u00e9 modifi\u00e9.<\/p>\n<p class=\" wall-content\">Personnalisez votre actualit\u00e9 en ajoutant vos villes et m\u00e9dias en favori avec <a href=\"https:\/\/moncompte.actu.fr\" title=\"D\u00e9couvez Mon Actu\" rel=\"nofollow noopener\" data-trk=\"{&quot;cta&quot;:{&quot;action&quot;:&quot;https:\\\/\\\/moncompte.actu.fr&quot;,&quot;category&quot;:&quot;mon compte&quot;,&quot;from&quot;:&quot;article footer&quot;,&quot;name&quot;:&quot;Mon actu&quot;,&quot;type&quot;:&quot;cta&quot;}}\" target=\"_blank\">Mon Actu<\/a>.<\/p>\n","protected":false},"excerpt":{"rendered":"Par R\u00e9daction Foug\u00e8res Publi\u00e9 le 2 sept. 2026 \u00e0 15h43 Le tribunal correctionnel de Rennes a condamn\u00e9, mardi&hellip;\n","protected":false},"author":2,"featured_media":1164281,"comment_status":"","ping_status":"","sticky":false,"template":"","format":"standard","meta":{"footnotes":"","_share_on_mastodon":"0"},"categories":[1888],"tags":[1111,1928,11,1927,1261,1777,674,118,1011,27,303,12,1926,626,1925,1072,25],"class_list":["post-1164280","post","type-post","status-publish","format-standard","has-post-thumbnail","category-paris","tag-actu","tag-actu-paris","tag-actualites","tag-actualites-paris","tag-argent","tag-eu","tag-europe","tag-faits-divers","tag-fr","tag-france","tag-justice","tag-news","tag-news-paris","tag-paris","tag-paris-news","tag-police","tag-republique-francaise"],"share_on_mastodon":{"url":"https:\/\/pubeurope.com\/@fr\/117205060091958543","error":""},"_links":{"self":[{"href":"https:\/\/www.europesays.com\/fr\/wp-json\/wp\/v2\/posts\/1164280","targetHints":{"allow":["GET"]}}],"collection":[{"href":"https:\/\/www.europesays.com\/fr\/wp-json\/wp\/v2\/posts"}],"about":[{"href":"https:\/\/www.europesays.com\/fr\/wp-json\/wp\/v2\/types\/post"}],"author":[{"embeddable":true,"href":"https:\/\/www.europesays.com\/fr\/wp-json\/wp\/v2\/users\/2"}],"replies":[{"embeddable":true,"href":"https:\/\/www.europesays.com\/fr\/wp-json\/wp\/v2\/comments?post=1164280"}],"version-history":[{"count":0,"href":"https:\/\/www.europesays.com\/fr\/wp-json\/wp\/v2\/posts\/1164280\/revisions"}],"wp:featuredmedia":[{"embeddable":true,"href":"https:\/\/www.europesays.com\/fr\/wp-json\/wp\/v2\/media\/1164281"}],"wp:attachment":[{"href":"https:\/\/www.europesays.com\/fr\/wp-json\/wp\/v2\/media?parent=1164280"}],"wp:term":[{"taxonomy":"category","embeddable":true,"href":"https:\/\/www.europesays.com\/fr\/wp-json\/wp\/v2\/categories?post=1164280"},{"taxonomy":"post_tag","embeddable":true,"href":"https:\/\/www.europesays.com\/fr\/wp-json\/wp\/v2\/tags?post=1164280"}],"curies":[{"name":"wp","href":"https:\/\/api.w.org\/{rel}","templated":true}]}}