{"id":116429,"date":"2025-05-21T08:43:08","date_gmt":"2025-05-21T08:43:08","guid":{"rendered":"https:\/\/www.europesays.com\/fr\/116429\/"},"modified":"2025-05-21T08:43:08","modified_gmt":"2025-05-21T08:43:08","slug":"bizet-est-mort-vive-bizet-eglise-saint-jean-bosco-paris-75020","status":"publish","type":"post","link":"https:\/\/www.europesays.com\/fr\/116429\/","title":{"rendered":"Bizet est mort, Vive Bizet ! &#8211; Eglise Saint-Jean-Bosco &#8211; Paris, 75020"},"content":{"rendered":"<p>Cette ann\u00e9e, nous comm\u00e9morons les 150 ans de la disparition de Georges Bizet.<br \/>C&rsquo;est l&rsquo;occasion pour l&rsquo;Orchestre symphonique du Terter, orchestre symphonique amateur, de revenir sur deux des \u0153uvres majeures du compositeur fran\u00e7ais.<\/p>\n<p>Tout d&rsquo;abord L&rsquo;Arl\u00e9sienne, qui est une musique de sc\u00e8ne compos\u00e9e en 1872 pour accompagner le drame \u00e9ponyme d&rsquo;Alphonse Daudet. Mais si Bizet s&rsquo;est fait un nom dans le monde entier, c&rsquo;est surtout gr\u00e2ce \u00e0 son c\u00e9l\u00e9brissime op\u00e9ra Carmen cr\u00e9\u00e9 en 1875, quelques mois avant sa mort, et dont le fameux Habanera continue d&rsquo;inspirer les artistes d&rsquo;aujourd&rsquo;hui.<\/p>\n<p>Venez appr\u00e9cier les Suites de Carmen et de l&rsquo;Arl\u00e9sienne avec l&rsquo;Orchestre symphonique du Terter !<\/p>\n<p>Direction : Franck Bodin<br \/>Entr\u00e9e libre<br \/>Participation libre <\/p>\n","protected":false},"excerpt":{"rendered":"Cette ann\u00e9e, nous comm\u00e9morons les 150 ans de la disparition de Georges Bizet.C&rsquo;est l&rsquo;occasion pour l&rsquo;Orchestre symphonique du&hellip;\n","protected":false},"author":2,"featured_media":116430,"comment_status":"","ping_status":"","sticky":false,"template":"","format":"standard","meta":{"footnotes":""},"categories":[1888],"tags":[11,1777,674,1011,27,12,626,25],"class_list":{"0":"post-116429","1":"post","2":"type-post","3":"status-publish","4":"format-standard","5":"has-post-thumbnail","7":"category-paris","8":"tag-actualites","9":"tag-eu","10":"tag-europe","11":"tag-fr","12":"tag-france","13":"tag-news","14":"tag-paris","15":"tag-republique-francaise"},"share_on_mastodon":{"url":"https:\/\/pubeurope.com\/@fr\/114544941910873207","error":""},"_links":{"self":[{"href":"https:\/\/www.europesays.com\/fr\/wp-json\/wp\/v2\/posts\/116429","targetHints":{"allow":["GET"]}}],"collection":[{"href":"https:\/\/www.europesays.com\/fr\/wp-json\/wp\/v2\/posts"}],"about":[{"href":"https:\/\/www.europesays.com\/fr\/wp-json\/wp\/v2\/types\/post"}],"author":[{"embeddable":true,"href":"https:\/\/www.europesays.com\/fr\/wp-json\/wp\/v2\/users\/2"}],"replies":[{"embeddable":true,"href":"https:\/\/www.europesays.com\/fr\/wp-json\/wp\/v2\/comments?post=116429"}],"version-history":[{"count":0,"href":"https:\/\/www.europesays.com\/fr\/wp-json\/wp\/v2\/posts\/116429\/revisions"}],"wp:featuredmedia":[{"embeddable":true,"href":"https:\/\/www.europesays.com\/fr\/wp-json\/wp\/v2\/media\/116430"}],"wp:attachment":[{"href":"https:\/\/www.europesays.com\/fr\/wp-json\/wp\/v2\/media?parent=116429"}],"wp:term":[{"taxonomy":"category","embeddable":true,"href":"https:\/\/www.europesays.com\/fr\/wp-json\/wp\/v2\/categories?post=116429"},{"taxonomy":"post_tag","embeddable":true,"href":"https:\/\/www.europesays.com\/fr\/wp-json\/wp\/v2\/tags?post=116429"}],"curies":[{"name":"wp","href":"https:\/\/api.w.org\/{rel}","templated":true}]}}