{"id":1164292,"date":"2026-09-03T03:53:25","date_gmt":"2026-09-03T03:53:25","guid":{"rendered":"https:\/\/www.europesays.com\/fr\/1164292\/"},"modified":"2026-09-03T03:53:25","modified_gmt":"2026-09-03T03:53:25","slug":"etats-unis-deux-personnes-abattues-et-trois-policiers-blesses-a-minneapolis","status":"publish","type":"post","link":"https:\/\/www.europesays.com\/fr\/1164292\/","title":{"rendered":"\u00c9tats-Unis: deux personnes abattues et trois policiers bless\u00e9s \u00e0 Minneapolis"},"content":{"rendered":"<p class=\"ap-StoryElement ap-StoryElement--mb ap-StoryText\">Appel\u00e9e pour des bruits de tirs d&rsquo;arme \u00e0 feu, la police est intervenue dans un immeuble du centre-ville en fin d&rsquo;apr\u00e8s-midi. Sur place, \u00ab\u00a0trois agents ont \u00e9t\u00e9 bless\u00e9s\u00a0\u00bb, a expliqu\u00e9 le porte-parole de la police, Garrett Parten, lors d&rsquo;une conf\u00e9rence de presse.<\/p>\n<p class=\"ap-StoryElement ap-StoryElement--mb ap-StoryText\">L&rsquo;un des sept individus transport\u00e9s \u00e0 l&rsquo;h\u00f4pital est d\u00e9c\u00e9d\u00e9, tandis qu&rsquo;une autre personne est morte sur place, a-t-il ajout\u00e9. \u00ab\u00a0La personne soup\u00e7onn\u00e9e d&rsquo;\u00eatre l&rsquo;auteur des tirs est morte et, pour l&rsquo;instant, les causes de son d\u00e9c\u00e8s ne sont pas connues\u00a0\u00bb, a pr\u00e9cis\u00e9 le porte-parole.<\/p>\n","protected":false},"excerpt":{"rendered":"Appel\u00e9e pour des bruits de tirs d&rsquo;arme \u00e0 feu, la police est intervenue dans un immeuble du centre-ville&hellip;\n","protected":false},"author":2,"featured_media":2837,"comment_status":"","ping_status":"","sticky":false,"template":"","format":"standard","meta":{"footnotes":"","_share_on_mastodon":"0"},"categories":[1589],"tags":[11,73,1866,12,1072,1864,1865,1863,308,809],"class_list":["post-1164292","post","type-post","status-publish","format-standard","has-post-thumbnail","category-etats-unis","tag-actualites","tag-etats-unis","tag-etats-unis-damerique","tag-news","tag-police","tag-united-states","tag-united-states-of-america","tag-us","tag-usa","tag-violence"],"share_on_mastodon":{"url":"https:\/\/pubeurope.com\/@fr\/117205087336283287","error":""},"_links":{"self":[{"href":"https:\/\/www.europesays.com\/fr\/wp-json\/wp\/v2\/posts\/1164292","targetHints":{"allow":["GET"]}}],"collection":[{"href":"https:\/\/www.europesays.com\/fr\/wp-json\/wp\/v2\/posts"}],"about":[{"href":"https:\/\/www.europesays.com\/fr\/wp-json\/wp\/v2\/types\/post"}],"author":[{"embeddable":true,"href":"https:\/\/www.europesays.com\/fr\/wp-json\/wp\/v2\/users\/2"}],"replies":[{"embeddable":true,"href":"https:\/\/www.europesays.com\/fr\/wp-json\/wp\/v2\/comments?post=1164292"}],"version-history":[{"count":0,"href":"https:\/\/www.europesays.com\/fr\/wp-json\/wp\/v2\/posts\/1164292\/revisions"}],"wp:featuredmedia":[{"embeddable":true,"href":"https:\/\/www.europesays.com\/fr\/wp-json\/wp\/v2\/media\/2837"}],"wp:attachment":[{"href":"https:\/\/www.europesays.com\/fr\/wp-json\/wp\/v2\/media?parent=1164292"}],"wp:term":[{"taxonomy":"category","embeddable":true,"href":"https:\/\/www.europesays.com\/fr\/wp-json\/wp\/v2\/categories?post=1164292"},{"taxonomy":"post_tag","embeddable":true,"href":"https:\/\/www.europesays.com\/fr\/wp-json\/wp\/v2\/tags?post=1164292"}],"curies":[{"name":"wp","href":"https:\/\/api.w.org\/{rel}","templated":true}]}}