{"id":1164295,"date":"2026-09-03T03:55:20","date_gmt":"2026-09-03T03:55:20","guid":{"rendered":"https:\/\/www.europesays.com\/fr\/1164295\/"},"modified":"2026-09-03T03:55:20","modified_gmt":"2026-09-03T03:55:20","slug":"lallemagne-procede-a-un-essai-de-missile-balistique-quelques-heures-apres-les-allegations-dimplication-russe-avec-des-drones-a-laeroport-de-leipzig-halle","status":"publish","type":"post","link":"https:\/\/www.europesays.com\/fr\/1164295\/","title":{"rendered":"L&rsquo;Allemagne proc\u00e8de \u00e0 un essai de missile balistique quelques heures apr\u00e8s les all\u00e9gations d&rsquo;implication russe avec des drones \u00e0 l&rsquo;a\u00e9roport de Leipzig\/Halle."},"content":{"rendered":"<p class=\"pBody\"><img loading=\"lazy\" decoding=\"async\" class=\"dthumb iCenter\" style=\"width: 1200px; height: 669px;;cursor:pointer\" src=\"https:\/\/www.europesays.com\/fr\/wp-content\/uploads\/2026\/09\/1788402323145_367d4091048t11200l1-i116.webp\" alt=\"L'Allemagne proc\u00e8de \u00e0 un essai de missile balistique quelques heures apr\u00e8s les all\u00e9gations d'implication russe avec des drones \u00e0 l'a\u00e9roport de Leipzig\/Halle.\" width=\"1200\" height=\"669\"\/><\/p>\n<p class=\"pCaption\" style=\"text-align: center;\"> Version navale du missile balistique Lora. Photo : Israel Aerospace Industries<\/p>\n<p class=\"pBody\" style=\"text-align: justify;\"> La marine allemande a indiqu\u00e9 que l&rsquo;essai avait \u00e9t\u00e9 men\u00e9 dans la nuit du 1er au 2 septembre dans l&rsquo;Atlantique Nord. Un navire de guerre allemand a d\u00e9ploy\u00e9 le syst\u00e8me LORA, fabriqu\u00e9 par la soci\u00e9t\u00e9 de d\u00e9fense isra\u00e9lienne Israel Aerospace Industries (IAI).<\/p>\n<p class=\"pBody\" style=\"text-align: justify;\"> L&rsquo;inspecteur de la marine allemande Jan Christian Kaack a qualifi\u00e9 l&rsquo;essai de succ\u00e8s et a d\u00e9clar\u00e9 qu&rsquo;il ouvrait un \u00ab nouveau chapitre \u00bb pour la dissuasion et les capacit\u00e9s de d\u00e9fense maritimes de l&rsquo;Allemagne et de ses alli\u00e9s.<\/p>\n<p class=\"pBody\" style=\"text-align: justify;\"> Selon Reuters, le LORA a une port\u00e9e d&rsquo;environ 500 km, d\u00e9passant largement les capacit\u00e9s de certains syst\u00e8mes de missiles actuellement en service dans l&rsquo;arsenal allemand. Si Berlin d\u00e9cide de l&rsquo;acqu\u00e9rir, le LORA deviendrait le premier missile balistique \u00e0 int\u00e9grer l&rsquo;arsenal de la Bundeswehr.<\/p>\n<p class=\"pBody\" style=\"text-align: justify;\"> Des m\u00e9dias allemands tels que Die Zeit et la S\u00fcddeutsche Zeitung ont rapport\u00e9 qu&rsquo;\u00e0 la suite de cet essai concluant, les plans de l&rsquo;Allemagne pour l&rsquo;acquisition de LORA seraient acc\u00e9l\u00e9r\u00e9s. <\/p>\n<p class=\"pBody\" style=\"text-align: justify;\"><img loading=\"lazy\" decoding=\"async\" class=\"iCenter\" style=\"width: 1200px; height: 750px;;cursor:pointer\" src=\"https:\/\/www.europesays.com\/fr\/wp-content\/uploads\/2026\/09\/1788402325346_367d4091507t11200l1-i3335.webp\" alt=\"L'Allemagne proc\u00e8de \u00e0 un essai de missile balistique quelques heures apr\u00e8s les all\u00e9gations d'implication russe avec des drones \u00e0 l'a\u00e9roport de Leipzig\/Halle.\" width=\"1200\" height=\"750\"\/><\/p>\n<p class=\"pCaption\" style=\"text-align: center;\"> La marine allemande a men\u00e9 des essais du syst\u00e8me de missiles balistiques LORA de fabrication isra\u00e9lienne dans l&rsquo;Atlantique Nord, selon des images diffus\u00e9es le 2 septembre 2026. Photo : Deutsche Marine.<\/p>\n<p class=\"pBody\" style=\"text-align: justify;\"> Le syst\u00e8me LORA est \u00e9galement per\u00e7u comme un \u00e9l\u00e9ment du renforcement des capacit\u00e9s de frappe \u00e0 longue port\u00e9e de l&rsquo;Allemagne. Outre l&rsquo;\u00e9tude du LORA, Berlin modernise ses missiles de croisi\u00e8re Taurus et participe \u00e0 des programmes multinationaux de d\u00e9veloppement de missiles. Reuters indique que l&rsquo;Allemagne pr\u00e9voit de lancer la production de la version modernis\u00e9e du Taurus en 2029.<\/p>\n<p class=\"pBody\" style=\"text-align: justify;\"> Il est \u00e0 noter que le test LORA a eu lieu quelques heures seulement apr\u00e8s que l&rsquo;Allemagne a publiquement accus\u00e9 la Russie d&rsquo;\u00eatre \u00e0 l&rsquo;origine d&rsquo;une attaque de drone planifi\u00e9e contre l&rsquo;a\u00e9roport de Leipzig\/Halle et a annonc\u00e9 des mesures de repr\u00e9sailles contre Moscou.<\/p>\n<p class=\"pAuthor\"> Nhat Le<\/p>\n<p class=\"pSource\"> Source : Die Zeit, Reuters.<\/p>\n<p class=\"mb-0\"> Source : https:\/\/baothanhhoa.vn\/duc-thu-ten-lua-dan-dao-vai-gio-sau-cao-buoc-nga-lien-quan-uav-tai-san-bay-leipzig-halle-300403.htm<\/p>\n","protected":false},"excerpt":{"rendered":"Version navale du missile balistique Lora. Photo : Israel Aerospace Industries La marine allemande a indiqu\u00e9 que l&rsquo;essai&hellip;\n","protected":false},"author":2,"featured_media":1164296,"comment_status":"","ping_status":"","sticky":false,"template":"","format":"standard","meta":{"footnotes":"","_share_on_mastodon":"0"},"categories":[1587],"tags":[60494,11,672,834,1804,33190,1805,1803,564,1777,674,35458,1801,24667,12,5355,1802,6006,32520],"class_list":["post-1164295","post","type-post","status-publish","format-standard","has-post-thumbnail","category-allemagne","tag-accusation","tag-actualites","tag-allemagne","tag-attaque","tag-bundesrepublik-deutschland","tag-capacite","tag-de","tag-deutschland","tag-drone","tag-eu","tag-europe","tag-fabrication","tag-germany","tag-missiles-balistiques","tag-news","tag-plan","tag-republique-federale-dallemagne","tag-succes","tag-vertu"],"share_on_mastodon":{"url":"https:\/\/pubeurope.com\/@fr\/117205097037510973","error":""},"_links":{"self":[{"href":"https:\/\/www.europesays.com\/fr\/wp-json\/wp\/v2\/posts\/1164295","targetHints":{"allow":["GET"]}}],"collection":[{"href":"https:\/\/www.europesays.com\/fr\/wp-json\/wp\/v2\/posts"}],"about":[{"href":"https:\/\/www.europesays.com\/fr\/wp-json\/wp\/v2\/types\/post"}],"author":[{"embeddable":true,"href":"https:\/\/www.europesays.com\/fr\/wp-json\/wp\/v2\/users\/2"}],"replies":[{"embeddable":true,"href":"https:\/\/www.europesays.com\/fr\/wp-json\/wp\/v2\/comments?post=1164295"}],"version-history":[{"count":0,"href":"https:\/\/www.europesays.com\/fr\/wp-json\/wp\/v2\/posts\/1164295\/revisions"}],"wp:featuredmedia":[{"embeddable":true,"href":"https:\/\/www.europesays.com\/fr\/wp-json\/wp\/v2\/media\/1164296"}],"wp:attachment":[{"href":"https:\/\/www.europesays.com\/fr\/wp-json\/wp\/v2\/media?parent=1164295"}],"wp:term":[{"taxonomy":"category","embeddable":true,"href":"https:\/\/www.europesays.com\/fr\/wp-json\/wp\/v2\/categories?post=1164295"},{"taxonomy":"post_tag","embeddable":true,"href":"https:\/\/www.europesays.com\/fr\/wp-json\/wp\/v2\/tags?post=1164295"}],"curies":[{"name":"wp","href":"https:\/\/api.w.org\/{rel}","templated":true}]}}