{"id":116431,"date":"2025-05-21T08:44:08","date_gmt":"2025-05-21T08:44:08","guid":{"rendered":"https:\/\/www.europesays.com\/fr\/116431\/"},"modified":"2025-05-21T08:44:08","modified_gmt":"2025-05-21T08:44:08","slug":"la-russie-et-la-chine-demandent-a-trump-dannuler-son-projet","status":"publish","type":"post","link":"https:\/\/www.europesays.com\/fr\/116431\/","title":{"rendered":"La Russie et la Chine demandent \u00e0 Trump d\u2019annuler son projet"},"content":{"rendered":"<p><strong>Bouclier &#8211; Donald Trump est favorable \u00e0 la mise en place d\u2019un bouclier antimissile pour prot\u00e9ger le territoire am\u00e9ricain. Un projet qui pr\u00e9sente \u00ab un caract\u00e8re profond\u00e9ment d\u00e9stabilisant \u00bb selon P\u00e9kin et Moscou<\/strong><\/p>\n<p>La <a href=\"https:\/\/www.20minutes.fr\/monde\/russie\/?at_medium=RSS%20feed&amp;at_campaign=ynews&amp;utm_source=yahoo&amp;utm_medium=rss&amp;utm_campaign=news_feed&amp;utm_content=in_article_link\" rel=\"nofollow noopener\" target=\"_blank\" data-ylk=\"slk:Russie;elm:context_link;itc:0;sec:content-canvas\" class=\"link \">Russie<\/a> et la <a href=\"https:\/\/www.20minutes.fr\/dossier\/chine?at_medium=RSS%20feed&amp;at_campaign=ynews&amp;utm_source=yahoo&amp;utm_medium=rss&amp;utm_campaign=news_feed&amp;utm_content=in_article_link\" rel=\"nofollow noopener\" target=\"_blank\" data-ylk=\"slk:Chine;elm:context_link;itc:0;sec:content-canvas\" class=\"link \">Chine<\/a> s\u2019inqui\u00e8tent. Les deux pays ont critiqu\u00e9 jeudi le projet d\u2019un bouclier antimissile de type \u00ab D\u00f4me de fer \u00bb pour prot\u00e9ger les <a href=\"https:\/\/www.20minutes.fr\/monde\/etats-unis\/?at_medium=RSS%20feed&amp;at_campaign=ynews&amp;utm_source=yahoo&amp;utm_medium=rss&amp;utm_campaign=news_feed&amp;utm_content=in_article_link\" rel=\"nofollow noopener\" target=\"_blank\" data-ylk=\"slk:Etats-Unis;elm:context_link;itc:0;sec:content-canvas\" class=\"link \">Etats-Unis<\/a>, annonc\u00e9 en janvier par le pr\u00e9sident am\u00e9ricain <a href=\"https:\/\/www.20minutes.fr\/dossier\/donald_trump?at_medium=RSS%20feed&amp;at_campaign=ynews&amp;utm_source=yahoo&amp;utm_medium=rss&amp;utm_campaign=news_feed&amp;utm_content=in_article_link\" rel=\"nofollow noopener\" target=\"_blank\" data-ylk=\"slk:Donald Trump;elm:context_link;itc:0;sec:content-canvas\" class=\"link \">Donald Trump<\/a>.<\/p>\n<p>\u00ab Le programme d\u2019ampleur \u00a0\u00bbGolden (Iron) Dome for America\u00a0\u00bb annonc\u00e9 r\u00e9cemment comporte un caract\u00e8re profond\u00e9ment d\u00e9stabilisant \u00bb, ont indiqu\u00e9 P\u00e9kin et Moscou dans une d\u00e9claration commune publi\u00e9e par le <a href=\"https:\/\/www.20minutes.fr\/dossier\/kremlin?at_medium=RSS%20feed&amp;at_campaign=ynews&amp;utm_source=yahoo&amp;utm_medium=rss&amp;utm_campaign=news_feed&amp;utm_content=in_article_link\" rel=\"nofollow noopener\" target=\"_blank\" data-ylk=\"slk:Kremlin;elm:context_link;itc:0;sec:content-canvas\" class=\"link \">Kremlin<\/a> \u00e0 l\u2019issue d\u2019une rencontre entre les pr\u00e9sidents Vladimir Poutine et Xi Jinping \u00e0 Moscou. Ils d\u00e9noncent notamment ce projet car il envisage \u00ab un renforcement des arsenaux pour mener des op\u00e9rations militaires dans l\u2019espace \u00bb et fait de l\u2019espace \u00ab une ar\u00e8ne de confrontation arm\u00e9e \u00bb.<\/p>\n<p><a href=\"https:\/\/www.20minutes.fr\/monde\/moscou\/?at_medium=RSS%20feed&amp;at_campaign=ynews&amp;utm_source=yahoo&amp;utm_medium=rss&amp;utm_campaign=news_feed&amp;utm_content=in_article_link\" rel=\"nofollow noopener\" target=\"_blank\" data-ylk=\"slk:Moscou;elm:context_link;itc:0;sec:content-canvas\" class=\"link \">Moscou<\/a> et <a href=\"https:\/\/www.20minutes.fr\/dossier\/pekin?at_medium=RSS%20feed&amp;at_campaign=ynews&amp;utm_source=yahoo&amp;utm_medium=rss&amp;utm_campaign=news_feed&amp;utm_content=in_article_link\" rel=\"nofollow noopener\" target=\"_blank\" data-ylk=\"slk:P\u00e9kin;elm:context_link;itc:0;sec:content-canvas\" class=\"link \">P\u00e9kin<\/a>, toujours selon cette d\u00e9claration, se prononcent contre \u00ab l\u2019utilisation de l\u2019espace \u00e0 des fins de confrontation arm\u00e9e \u00bb et appellent \u00e0 des pourparlers internationaux pour cr\u00e9er \u00ab un trait\u00e9 sur la pr\u00e9vention du d\u00e9ploiement d\u2019armes dans l\u2019espace \u00bb.<\/p>\n<p>Fin janvier, peu apr\u00e8s son retour au pouvoir, Donald Trump avait sign\u00e9 un d\u00e9cret sur la mise en place d\u2019un bouclier antimissile de type \u00ab D\u00f4me de fer \u00bb pour prot\u00e9ger le territoire am\u00e9ricain. L\u2019expression \u00ab D\u00f4me de fer \u00bb fait r\u00e9f\u00e9rence au syst\u00e8me de d\u00e9fense d\u2019<a href=\"https:\/\/www.20minutes.fr\/monde\/israel\/?at_medium=RSS%20feed&amp;at_campaign=ynews&amp;utm_source=yahoo&amp;utm_medium=rss&amp;utm_campaign=news_feed&amp;utm_content=in_article_link\" rel=\"nofollow noopener\" target=\"_blank\" data-ylk=\"slk:Isra\u00ebl;elm:context_link;itc:0;sec:content-canvas\" class=\"link \">Isra\u00ebl<\/a>, qui prot\u00e8ge le pays des attaques par missiles et roquettes mais aussi par drones.<\/p>\n<p>M. Trump avait ordonn\u00e9 l\u2019\u00e9laboration, dans un d\u00e9lai de deux mois, d\u2019un plan de mise en \u0153uvre d\u2019un \u00ab bouclier antimissile de nouvelle g\u00e9n\u00e9ration \u00bb pour contrer \u00ab les missiles balis(&#8230;)<\/p>\n<p><a href=\"https:\/\/www.20minutes.fr\/monde\/etats-unis\/4154637-20250521-dome-or-etats-unis-russie-chine-demandent-trump-annuler-projet?at_medium=RSS%20feed&amp;at_campaign=ynews&amp;utm_source=yahoo&amp;utm_medium=rss&amp;utm_campaign=news_feed&amp;utm_content=read_more_link\" rel=\"nofollow noopener\" target=\"_blank\" data-ylk=\"slk:Lire la suite sur 20minutes;elm:context_link;itc:0;sec:content-canvas\" class=\"link \">Lire la suite sur 20minutes<\/a><\/p>\n<p>\u00c0 lire aussi :<br \/><a href=\"https:\/\/www.20minutes.fr\/monde\/etats-unis\/4154581-20250521-etats-unis-trump-annonce-construction-dome-or-bouclier-antimissiles?at_medium=RSS%20feed&amp;at_campaign=ynews&amp;utm_source=yahoo&amp;utm_medium=rss&amp;utm_campaign=news_feed&amp;utm_content=related_content_link\" rel=\"nofollow noopener\" target=\"_blank\" data-ylk=\"slk:Etats-Unis : Trump annonce la construction du \u00ab D\u00f4me d\u2019or \u00bb, un bouclier antimissiles;elm:context_link;itc:0;sec:content-canvas\" class=\"link \">Etats-Unis : Trump annonce la construction du \u00ab D\u00f4me d\u2019or \u00bb, un bouclier antimissiles<\/a><br \/><a href=\"https:\/\/www.20minutes.fr\/monde\/etats-unis\/4148448-20250414-droits-douane-etats-unis-trump-previent-personne-tire-affaire-surtout-chine?at_medium=RSS%20feed&amp;at_campaign=ynews&amp;utm_source=yahoo&amp;utm_medium=rss&amp;utm_campaign=news_feed&amp;utm_content=related_content_link\" rel=\"nofollow noopener\" target=\"_blank\" data-ylk=\"slk:Droits de douane aux Etats-Unis : Trump pr\u00e9vient que \u00ab PERSONNE n\u2019est tir\u00e9 d\u2019affaire \u00bb et \u00ab surtout pas la Chine \u00bb;elm:context_link;itc:0;sec:content-canvas\" class=\"link \">Droits de douane aux Etats-Unis : Trump pr\u00e9vient que \u00ab PERSONNE n\u2019est tir\u00e9 d\u2019affaire \u00bb et \u00ab surtout pas la Chine \u00bb<\/a><\/p>\n","protected":false},"excerpt":{"rendered":"Bouclier &#8211; Donald Trump est favorable \u00e0 la mise en place d\u2019un bouclier antimissile pour prot\u00e9ger le territoire&hellip;\n","protected":false},"author":2,"featured_media":116432,"comment_status":"","ping_status":"","sticky":false,"template":"","format":"standard","meta":{"footnotes":""},"categories":[1591],"tags":[11,23604,75,73,1887,1916,12,2484,1885,1886,132,135],"class_list":{"0":"post-116431","1":"post","2":"type-post","3":"status-publish","4":"format-standard","5":"has-post-thumbnail","7":"category-russie","8":"tag-actualites","9":"tag-bouclier-antimissile","10":"tag-donald-trump","11":"tag-etats-unis","12":"tag-federation-de-russie","13":"tag-moscou","14":"tag-news","15":"tag-pekin","16":"tag-russia","17":"tag-russian-federation","18":"tag-russie","19":"tag-vladimir-poutine"},"share_on_mastodon":{"url":"https:\/\/pubeurope.com\/@fr\/114544945646351482","error":""},"_links":{"self":[{"href":"https:\/\/www.europesays.com\/fr\/wp-json\/wp\/v2\/posts\/116431","targetHints":{"allow":["GET"]}}],"collection":[{"href":"https:\/\/www.europesays.com\/fr\/wp-json\/wp\/v2\/posts"}],"about":[{"href":"https:\/\/www.europesays.com\/fr\/wp-json\/wp\/v2\/types\/post"}],"author":[{"embeddable":true,"href":"https:\/\/www.europesays.com\/fr\/wp-json\/wp\/v2\/users\/2"}],"replies":[{"embeddable":true,"href":"https:\/\/www.europesays.com\/fr\/wp-json\/wp\/v2\/comments?post=116431"}],"version-history":[{"count":0,"href":"https:\/\/www.europesays.com\/fr\/wp-json\/wp\/v2\/posts\/116431\/revisions"}],"wp:featuredmedia":[{"embeddable":true,"href":"https:\/\/www.europesays.com\/fr\/wp-json\/wp\/v2\/media\/116432"}],"wp:attachment":[{"href":"https:\/\/www.europesays.com\/fr\/wp-json\/wp\/v2\/media?parent=116431"}],"wp:term":[{"taxonomy":"category","embeddable":true,"href":"https:\/\/www.europesays.com\/fr\/wp-json\/wp\/v2\/categories?post=116431"},{"taxonomy":"post_tag","embeddable":true,"href":"https:\/\/www.europesays.com\/fr\/wp-json\/wp\/v2\/tags?post=116431"}],"curies":[{"name":"wp","href":"https:\/\/api.w.org\/{rel}","templated":true}]}}