{"id":1164313,"date":"2026-09-03T04:11:18","date_gmt":"2026-09-03T04:11:18","guid":{"rendered":"https:\/\/www.europesays.com\/fr\/1164313\/"},"modified":"2026-09-03T04:11:18","modified_gmt":"2026-09-03T04:11:18","slug":"girondins-une-seance-dentrainement-clairsemee-au-haillan-sans-plusieurs-cadres","status":"publish","type":"post","link":"https:\/\/www.europesays.com\/fr\/1164313\/","title":{"rendered":"Girondins : une s\u00e9ance d\u2019entra\u00eenement clairsem\u00e9e au Haillan, sans plusieurs cadres"},"content":{"rendered":"<p><img decoding=\"async\" src=\"https:\/\/www.europesays.com\/fr\/wp-content\/uploads\/2026\/01\/671_119b54699802e02b7a212d9a56c5b707.jpg\" alt=\"Girondins : une s\u00e9ance d\u2019entra\u00eenement clairsem\u00e9e au Haillan, sans plusieurs cadres\" class=\"img-responsive mt-3\"\/><\/p>\n<p class=\"text-center mb-3\" style=\"font-size: 14px\">\u00a9 Iconsport<\/p>\n<p>      <strong>Une douzaine de joueurs des Girondins pr\u00e9sents \u00e0 l\u2019entra\u00eenement au Haillan<\/strong><\/p>\n<p style=\"text-align: justify;\">Comme les jours pr\u00e9c\u00e9dents, un nombre fam\u00e9lique de joueurs \u00e9tait pr\u00e9sent \u00e0 la Plaine du Haillan. Ils \u00e9taient une douzaine sous les ordres d\u2019Arnaud Cormier. Nadjib Ciss\u00e9, Lassana Diabat\u00e9, L\u00e9o Jousselin, Soufiane Bahassa, Patrick Koffi et Tidyane Diagouraga \u00e9taient notamment pr\u00e9sents sur le terrain. Oualid El Hajjam \u00e9tait \u00e9galement l\u00e0, mais en r\u00e9athl\u00e9tisation. PassioNey pr\u00e9cise aussi avoir aper\u00e7u Steve Shamal via son compte X.<\/p>\n<p style=\"text-align: justify;\">Pr\u00e9sent hier, Driss Trichard n\u2019\u00e9tait pas \u00e0 la s\u00e9ance, comme plusieurs autres cadres. Depuis la r\u00e9ponse du Tribunal administratif, les joueurs ont <a href=\"https:\/\/www.webgirondins.com\/actualite-girondins-girondins-le-club-commercialise-son-maillot-pre-match-malgre-l-incertitude-134391\" target=\"_blank\" rel=\"noopener nofollow\">re\u00e7u un programme individuel \u00e0 suivre<\/a>, avec la libert\u00e9 de venir ou non aux s\u00e9ances collectives.<\/p>\n<p style=\"text-align: justify;\">L\u2019\u00e9quipe premi\u00e8re compte encore une quinzaine de joueurs dans ses rangs. Le dernier d\u00e9part en date concerne Ch\u00e9rif Diallo, qui a r\u00e9sili\u00e9 son contrat avec le club. Comme l\u2019a pr\u00e9cis\u00e9 Sud Ouest, d\u2019autres joueurs restaient en attente, mais disposent d\u00e9j\u00e0 de plusieurs sollicitations.<\/p>\n<blockquote class=\"twitter-tweet\">\n<p dir=\"ltr\" lang=\"fr\">:pushpin: Toujours beaucoup d&rsquo;absents \u00e0 l&rsquo;entra\u00eenement alors que l&rsquo;on a du mal \u00e0 comprendre ce que l&rsquo;on attend !<\/p>\n<p>Comme hier, ils \u00e9taient une douzaine ce matin \u00e0 l&rsquo;entra\u00eenement sans vraiment les cadres mais Soufiane Bahassa, L\u00e9o Jousselin, Tidyane Diagouraga et Patrick Koffi sont eux\u2026 <a href=\"https:\/\/t.co\/4UwwYC7hT7\" rel=\"nofollow\">https:\/\/t.co\/4UwwYC7hT7<\/a> <a href=\"https:\/\/t.co\/nOlAsTuAPV\" rel=\"nofollow\">pic.twitter.com\/nOlAsTuAPV<\/a><\/p>\n<p>\u2014 PassioNey :blue_heart: (@_PassioNey) <a href=\"https:\/\/x.com\/_PassioNey\/status\/2095113251713351899?ref_src=twsrc%5Etfw\" rel=\"nofollow\">September 2, 2026<\/a>\n<\/p><\/blockquote>\n<p>\u00a0<\/p>\n<p>&#8211; \u00c0 lire : <strong><a href=\"https:\/\/www.webgirondins.com\/actualite-girondins-girondins-je-vous-demande-de-convoquer-le-comite-executif-le-cri-du-c-ur-de-fabien-gay-134388\" target=\"_blank\" rel=\"noopener nofollow\">Girondins : \u00ab\u00a0Je vous demande de convoquer le Comit\u00e9 ex\u00e9cutif\u00a0\u00bb, le cri du c\u0153ur de Fabien Gay<\/a><\/strong><\/p>\n<p>\u00a0<\/p>\n<p>    <script async src=\"https:\/\/platform.twitter.com\/widgets.js\" charset=\"utf-8\"><\/script><\/p>\n","protected":false},"excerpt":{"rendered":"\u00a9 Iconsport Une douzaine de joueurs des Girondins pr\u00e9sents \u00e0 l\u2019entra\u00eenement au Haillan Comme les jours pr\u00e9c\u00e9dents, un&hellip;\n","protected":false},"author":2,"featured_media":689262,"comment_status":"","ping_status":"","sticky":false,"template":"","format":"standard","meta":{"footnotes":"","_share_on_mastodon":"0"},"categories":[1410],"tags":[15493,3232,1997,2061,119972,17243,33487,45979,1446,6769,32634,63,1011,27,1987,2705,6776,3838,17175,2513,3138,4561,6765,60,1810,119973],"class_list":["post-1164313","post","type-post","status-publish","format-standard","has-post-thumbnail","category-football","tag-arnaud","tag-avenir","tag-bordeaux","tag-cadres","tag-clairsemee","tag-conditions","tag-continue","tag-cormier","tag-dans","tag-entrainement","tag-entrainer","tag-football","tag-fr","tag-france","tag-girondins","tag-groupe","tag-haillan","tag-heure","tag-incertain","tag-plusieurs","tag-reste","tag-sans","tag-seance","tag-sports","tag-toujours","tag-tristes"],"share_on_mastodon":{"url":"https:\/\/pubeurope.com\/@fr\/117205160001090793","error":""},"_links":{"self":[{"href":"https:\/\/www.europesays.com\/fr\/wp-json\/wp\/v2\/posts\/1164313","targetHints":{"allow":["GET"]}}],"collection":[{"href":"https:\/\/www.europesays.com\/fr\/wp-json\/wp\/v2\/posts"}],"about":[{"href":"https:\/\/www.europesays.com\/fr\/wp-json\/wp\/v2\/types\/post"}],"author":[{"embeddable":true,"href":"https:\/\/www.europesays.com\/fr\/wp-json\/wp\/v2\/users\/2"}],"replies":[{"embeddable":true,"href":"https:\/\/www.europesays.com\/fr\/wp-json\/wp\/v2\/comments?post=1164313"}],"version-history":[{"count":0,"href":"https:\/\/www.europesays.com\/fr\/wp-json\/wp\/v2\/posts\/1164313\/revisions"}],"wp:featuredmedia":[{"embeddable":true,"href":"https:\/\/www.europesays.com\/fr\/wp-json\/wp\/v2\/media\/689262"}],"wp:attachment":[{"href":"https:\/\/www.europesays.com\/fr\/wp-json\/wp\/v2\/media?parent=1164313"}],"wp:term":[{"taxonomy":"category","embeddable":true,"href":"https:\/\/www.europesays.com\/fr\/wp-json\/wp\/v2\/categories?post=1164313"},{"taxonomy":"post_tag","embeddable":true,"href":"https:\/\/www.europesays.com\/fr\/wp-json\/wp\/v2\/tags?post=1164313"}],"curies":[{"name":"wp","href":"https:\/\/api.w.org\/{rel}","templated":true}]}}