{"id":116433,"date":"2025-05-21T08:45:09","date_gmt":"2025-05-21T08:45:09","guid":{"rendered":"https:\/\/www.europesays.com\/fr\/116433\/"},"modified":"2025-05-21T08:45:09","modified_gmt":"2025-05-21T08:45:09","slug":"direct-ukraine-six-soldats-tues-dans-une-frappe-russe-sur-un-terrain-dentrainement-militaire","status":"publish","type":"post","link":"https:\/\/www.europesays.com\/fr\/116433\/","title":{"rendered":"DIRECT &#8211; Ukraine : six soldats tu\u00e9s dans une frappe russe sur un terrain d&rsquo;entra\u00eenement militaire"},"content":{"rendered":"<p>Une attaque de missile russe a tu\u00e9 mardi six soldats ukrainiens et bless\u00e9 plus de dix autres sur un terrain d&rsquo;entra\u00eenement dans la r\u00e9gion de Soumy (nord-est), frontali\u00e8re de la Russie, a annonc\u00e9 la garde nationale ukrainienne ce mercredi.Suivez les derni\u00e8res informations en direct.<a href=\"https:\/\/www.tf1info.fr\/actualite\/invasion-de-l-ukraine-par-la-russie-une-guerre-qui-dure-12951\/\" rel=\"noopener\" class=\"jsx-3118104007 Link jsx-1428418400 jsx-554215408\" target=\"_blank\"><\/p>\n<p style=\"font-weight:400\" class=\"jsx-1837267516\">Suivez la couverture compl\u00e8te<\/p>\n<p style=\"font-weight:800\" class=\"jsx-1837267516\">Ukraine : 4\u1d49 ann\u00e9e de guerre<\/p>\n<p><\/a>Minute par minute09:21ATTAQUE DE MISSILE<\/p>\n<p>Une attaque de missile russe a tu\u00e9 mardi six soldats ukrainiens et bless\u00e9 plus de dix autres sur un terrain d&rsquo;entra\u00eenement dans la r\u00e9gion de Soumy (nord-est), frontali\u00e8re de la Russie, a annonc\u00e9 la garde nationale ukrainienne mercredi.<\/p>\n<p>\u00ab\u00a0Six soldats ont \u00e9t\u00e9 tu\u00e9s et plus de dix bless\u00e9s \u00e0 la suite de l&rsquo;attaque, alors qu&rsquo;ils effectuaient des exercices au champ de tir\u00a0\u00bb, a indiqu\u00e9 la garde nationale dans un communiqu\u00e9 publi\u00e9 sur sa page Facebook. \u00a0Le commandant de l&rsquo;unit\u00e9 militaire touch\u00e9e a \u00e9t\u00e9 suspendu de ses fonctions et une enqu\u00eate interne a \u00e9t\u00e9 ouverte, a-t-elle ajout\u00e9.<\/p>\n<p>Le minist\u00e8re de la D\u00e9fense russe avait d\u00e9clar\u00e9 mardi soir avoir effectu\u00e9 une \u00ab\u00a0frappe de missile\u00a0\u00bb balistique Iskander, sur \u00ab\u00a0un camp d&rsquo;entra\u00eenement\u00a0\u00bb de l&rsquo;arm\u00e9e ukrainienne.<\/p>\n<p>07:53POUTINE DANS LA REGION DE KOURSK<\/p>\n<p>Le pr\u00e9sident russe Vladimir Poutine s&rsquo;est rendu mardi dans la r\u00e9gion de Koursk, frontali\u00e8re de l&rsquo;Ukraine et dont la Russie a annonc\u00e9 la lib\u00e9ration des forces ukrainiennes fin avril, a indiqu\u00e9 mercredi le Kremlin dans un communiqu\u00e9.<\/p>\n<p>\u00ab\u00a0Vladimir Poutine a effectu\u00e9 la veille un d\u00e9placement de travail dans la r\u00e9gion de Koursk\u00a0\u00bb o\u00f9 il a rencontr\u00e9 son gouverneur par int\u00e9rim Alexandre Khinste\u00efn et des repr\u00e9sentants des organisations b\u00e9n\u00e9voles, a pr\u00e9cis\u00e9 le Kremlin. La Russie avait affirm\u00e9 fin avril avoir enti\u00e8rement repris, \u00e0 l&rsquo;aide des combattants nord-cor\u00e9ens, la r\u00e9gion de Koursk, o\u00f9 les forces ukrainiennes avaient p\u00e9n\u00e9tr\u00e9 en ao\u00fbt 2024.<\/p>\n<p>07:19DRONES<\/p>\n<p>La Russie a affirm\u00e9 mercredi avoir abattu en douze heures 159 drones ukrainiens dans plusieurs de ses r\u00e9gions, deux jours apr\u00e8s un entretien t\u00e9l\u00e9phonique entre dirigeants russe et am\u00e9ricain qui n&rsquo;a pas abouti \u00e0 l&rsquo;annonce d&rsquo;un cessez-le-feu.<\/p>\n<p>Selon un communiqu\u00e9 du minist\u00e8re russe de la D\u00e9fense, \u00ab\u00a0127 drones ukrainiens ont \u00e9t\u00e9 intercept\u00e9s et d\u00e9truits\u00a0\u00bb entre 17H00 GMT mardi et 01H00 GMT mercredi, ces appareils ayant notamment tent\u00e9 d&rsquo;attaquer les r\u00e9gions frontali\u00e8res russes de Briansk et de Koursk, ainsi que celle de Moscou. Trente-deux autres drones ont \u00e9t\u00e9 abattus entre 01H00 et 05H00 GMT mercredi, selon la m\u00eame source.<\/p>\n<p>07:07VATICAN<\/p>\n<p>La Premi\u00e8re ministre italienne Giorgia Meloni a assur\u00e9 mardi soir que le pape L\u00e9on XIV lui a confirm\u00e9 au cours d&rsquo;une conversation t\u00e9l\u00e9phonique la disponibilit\u00e9 du Vatican \u00e0 accueillir des n\u00e9gociations de paix sur l&rsquo;Ukraine.<\/p>\n<p>\u00ab\u00a0L&rsquo;entretien fait suite \u00e0 l&rsquo;appel t\u00e9l\u00e9phonique d&rsquo;hier avec le pr\u00e9sident (am\u00e9ricain Donald) Trump et d&rsquo;autres leaders europ\u00e9ens au cours duquel il a \u00e9t\u00e9 demand\u00e9\u00a0\u00bb \u00e0 Mme Meloni \u00ab\u00a0de v\u00e9rifier la disponibilit\u00e9 du Saint-Si\u00e8ge \u00e0 accueillir les n\u00e9gociations\u00a0\u00bb, indique un message sur Whatsapp des services de la cheffe du gouvernement italien.<\/p>\n<p>Mme Meloni avait indiqu\u00e9 lundi soir que les pr\u00e9sidents am\u00e9ricain Donald Trump, ukrainien Volodymyr Zelensky, fran\u00e7ais Emmanuel Macron, finlandais Alexander Stubb, le chancelier allemand Friedrich Merz, ainsi que la pr\u00e9sidente de la Commission europ\u00e9enne Ursula von der Leyen et elle-m\u00eame s&rsquo;\u00e9taient entretenus au t\u00e9l\u00e9phone apr\u00e8s un appel entre M. Trump et le pr\u00e9sident russe Vladimir Poutine et qu&rsquo;\u00e0 cette occasion, \u00ab\u00a0la disponibilit\u00e9 du Saint-P\u00e8re pour accueillir des pourparlers au Vatican a \u00e9t\u00e9 jug\u00e9e positivement\u00a0\u00bb.<\/p>\n<p>06:20LES \u00c9TATS-UNIS PRESSENT LA RUSSIE<\/p>\n<p>Le chef de la diplomatie am\u00e9ricaine Marco Rubio a affirm\u00e9 hier s&rsquo;attendre \u00e0 ce que la Russie pr\u00e9sente \u00ab\u00a0dans quelques jours\u00a0\u00bb ses termes en vue d&rsquo;un cessez-le-feu en Ukraine.<\/p>\n<p>\u00ab\u00a0A un moment donn\u00e9, assez rapidement, peut-\u00eatre dans quelques jours, peut-\u00eatre cette semaine, la partie russe va pr\u00e9senter les termes qu&rsquo;elle souhaiterait voir\u00a0\u00bb pour avancer vers un cessez-le-feu, a d\u00e9clar\u00e9 le secr\u00e9taire d&rsquo;\u00c9tat devant une commission s\u00e9natoriale. Il a pr\u00e9cis\u00e9 que ce calendrier d\u00e9coulait de l&rsquo;appel t\u00e9l\u00e9phonique lundi du pr\u00e9sident Donald Trump avec son homologue russe Vladimir Poutine.<\/p>\n<p>Les Russes offriront \u00ab\u00a0des conditions g\u00e9n\u00e9rales qui nous permettraient d&rsquo;avancer vers un cessez-le-feu\u00a0\u00bb qui \u00ab\u00a0permettrait ensuite d&rsquo;entamer des n\u00e9gociations d\u00e9taill\u00e9es pour mettre fin au conflit\u00a0\u00bb, a ajout\u00e9 M. Rubio. \u00ab\u00a0Nous esp\u00e9rons que cela se produira. Nous pensons que la feuille de route que les Russes produiront nous en dira long sur leurs v\u00e9ritables intentions\u00a0\u00bb, a-t-il ajout\u00e9.<\/p>\n<p data-module=\"article-paragraph\" class=\"jsx-362436225 Paragraph\">\u00ab\u00a0A un moment donn\u00e9, assez rapidement, peut-\u00eatre dans quelques jours, peut-\u00eatre cette semaine, la partie russe va pr\u00e9senter les termes qu&rsquo;elle souhaiterait voir\u00a0\u00bb pour avancer vers un cessez-le-feu, a d\u00e9clar\u00e9 mardi 20 mai le secr\u00e9taire d&rsquo;\u00c9tat am\u00e9ricain Marco Rubio devant une commission s\u00e9natoriale.<\/p>\n<p data-module=\"article-paragraph\" class=\"jsx-362436225 Paragraph Paragraph__End\">Marco Rubio a indiqu\u00e9 que ce calendrier d\u00e9coulait de <a href=\"https:\/\/www.tf1info.fr\/international\/guerre-en-ukraine-un-jeu-de-poupees-russes-pourquoi-l-appel-trump-poutine-n-a-rien-apporte-de-concret-2372005.html\" target=\"_blank\" rel=\"noopener\">l&rsquo;appel t\u00e9l\u00e9phonique lundi<\/a> du pr\u00e9sident Donald Trump avec son homologue russe Vladimir Poutine et de sa propre conversation au cours du week-end avec le ministre russe des Affaires \u00e9trang\u00e8res Sergue\u00ef Lavrov.<\/p>\n<p>\u00ab\u00a0La feuille de route que les Russes produiront nous en dira long sur leurs v\u00e9ritables intentions\u00a0\u00bb<\/p>\n<p data-module=\"article-paragraph\" class=\"jsx-362436225 Paragraph\">Les Russes offriront \u00ab\u00a0des conditions g\u00e9n\u00e9rales qui nous permettraient d&rsquo;<a href=\"https:\/\/www.tf1info.fr\/international\/guerre-russie-ukraine-zelensky-poutine-un-cessez-le-feu-complet-de-30-jours-propose-a-moscou-par-kiev-et-ses-allies-europeens-2369983.html\" target=\"_blank\" rel=\"noopener\">avancer vers un cessez-le-feu<\/a>, et ce cessez-le-feu nous permettrait ensuite d&rsquo;entamer des n\u00e9gociations d\u00e9taill\u00e9es pour mettre fin au conflit\u00a0\u00bb, a affirm\u00e9 le secr\u00e9taire d&rsquo;\u00c9tat am\u00e9ricain.<\/p>\n<p data-module=\"article-paragraph\" class=\"jsx-362436225 Paragraph Paragraph__End\">\u00ab\u00a0Nous esp\u00e9rons que cela se produira. Nous pensons que la feuille de route que les Russes produiront nous en dira long sur leurs v\u00e9ritables intentions\u00a0\u00bb, a-t-il ajout\u00e9. \u00ab\u00a0S&rsquo;il s&rsquo;agit d&rsquo;une feuille de route r\u00e9aliste et que l&rsquo;on peut s&rsquo;en inspirer, c&rsquo;est une chose. S&rsquo;il contient des exigences que nous savons irr\u00e9alistes, je pense que cela sera r\u00e9v\u00e9lateur\u00a0\u00bb.<\/p>\n<p data-module=\"article-paragraph\" class=\"jsx-362436225 Paragraph\">Apr\u00e8s son appel avec Vladimir Poutine, Donald Trump avait d\u00e9clar\u00e9 que la Russie et l&rsquo;Ukraine \u00e9taient pr\u00eates \u00e0 entamer des n\u00e9gociations \u00ab\u00a0imm\u00e9diates\u00a0\u00bb en vue d&rsquo;un cessez-le-feu. Le pr\u00e9sident russe s&rsquo;\u00e9tait montr\u00e9 plus circonspect et avait d\u00e9clar\u00e9 que la Russie proposerait \u00ab\u00a0un m\u00e9morandum\u00a0\u00bb sur un \u00e9ventuel futur accord de paix.<\/p>\n<p data-module=\"article-paragraph\" class=\"jsx-362436225 Paragraph Paragraph__End\"><strong>Suivez les derni\u00e8res infos dans le fil ci-dessus.<\/strong><\/p>\n<p>La r\u00e9daction de TF1info<\/p>\n","protected":false},"excerpt":{"rendered":"Une attaque de missile russe a tu\u00e9 mardi six soldats ukrainiens et bless\u00e9 plus de dix autres sur&hellip;\n","protected":false},"author":2,"featured_media":116434,"comment_status":"","ping_status":"","sticky":false,"template":"","format":"standard","meta":{"footnotes":""},"categories":[1590],"tags":[1111,11,1921,75,73,1777,674,1918,1922,12,132,220,1917,133,1920,135,134],"class_list":{"0":"post-116433","1":"post","2":"type-post","3":"status-publish","4":"format-standard","5":"has-post-thumbnail","7":"category-ukraine","8":"tag-actu","9":"tag-actualites","10":"tag-article-video","11":"tag-donald-trump","12":"tag-etats-unis","13":"tag-eu","14":"tag-europe","15":"tag-guerre-en-ukraine-une-treve-en-negociation","16":"tag-info","17":"tag-news","18":"tag-russie","19":"tag-ukraine","20":"tag-ukraine-4-annee-de-guerre","21":"tag-video","22":"tag-video-international","23":"tag-vladimir-poutine","24":"tag-volodymyr-zelensky"},"share_on_mastodon":{"url":"https:\/\/pubeurope.com\/@fr\/114544949863297508","error":""},"_links":{"self":[{"href":"https:\/\/www.europesays.com\/fr\/wp-json\/wp\/v2\/posts\/116433","targetHints":{"allow":["GET"]}}],"collection":[{"href":"https:\/\/www.europesays.com\/fr\/wp-json\/wp\/v2\/posts"}],"about":[{"href":"https:\/\/www.europesays.com\/fr\/wp-json\/wp\/v2\/types\/post"}],"author":[{"embeddable":true,"href":"https:\/\/www.europesays.com\/fr\/wp-json\/wp\/v2\/users\/2"}],"replies":[{"embeddable":true,"href":"https:\/\/www.europesays.com\/fr\/wp-json\/wp\/v2\/comments?post=116433"}],"version-history":[{"count":0,"href":"https:\/\/www.europesays.com\/fr\/wp-json\/wp\/v2\/posts\/116433\/revisions"}],"wp:featuredmedia":[{"embeddable":true,"href":"https:\/\/www.europesays.com\/fr\/wp-json\/wp\/v2\/media\/116434"}],"wp:attachment":[{"href":"https:\/\/www.europesays.com\/fr\/wp-json\/wp\/v2\/media?parent=116433"}],"wp:term":[{"taxonomy":"category","embeddable":true,"href":"https:\/\/www.europesays.com\/fr\/wp-json\/wp\/v2\/categories?post=116433"},{"taxonomy":"post_tag","embeddable":true,"href":"https:\/\/www.europesays.com\/fr\/wp-json\/wp\/v2\/tags?post=116433"}],"curies":[{"name":"wp","href":"https:\/\/api.w.org\/{rel}","templated":true}]}}