{"id":1164337,"date":"2026-09-03T04:25:36","date_gmt":"2026-09-03T04:25:36","guid":{"rendered":"https:\/\/www.europesays.com\/fr\/1164337\/"},"modified":"2026-09-03T04:25:36","modified_gmt":"2026-09-03T04:25:36","slug":"mercato-keito-nakamura-sengage-avec-lol-jusquen-2030-et-quitte-le-stade-de-reims-lequipe","status":"publish","type":"post","link":"https:\/\/www.europesays.com\/fr\/1164337\/","title":{"rendered":"Mercato : Keito Nakamura s&#039;engage avec l&#039;OL jusqu&#039;en 2030 et quitte le Stade de Reims &#8211; L&#039;\u00c9quipe"},"content":{"rendered":"<ol>\n<li><a href=\"https:\/\/news.google.com\/rss\/articles\/CBMi3AFBVV95cUxPLXdiTUxIUk9TbzlRdXh6RTFuSXY1NWV2QWs5SnZvVERRUE9GUXFjbnhzaXEwOTZWVzNVYUxVQ2dZdFo2eEhsNmRBaC11XzlTZ1dRSm44Q1ZhSXhZNXhlQmtFd2FxbFhrOVZVWE1KVmlVWkhPb012dHY0alpSVm9VQ3BPZHhoOE9zQlNqOHRmTGgyMXdSYXVrQ0ZmUjMzQ2NtMjZHTEI3emZnYWZuekUxQk9UeTlpZjg2cmNMUURoX3F6ekxBakxMWGpVTGh5QnhIeHRuakJyZGw0c19x?oc=5\" target=\"_blank\" rel=\"nofollow noopener\">Mercato : Keito Nakamura s&rsquo;engage avec l&rsquo;OL jusqu&rsquo;en 2030 et quitte le Stade de Reims<\/a>&nbsp;&nbsp;L&rsquo;\u00c9quipe<\/li>\n<li><a href=\"https:\/\/news.google.com\/rss\/articles\/CBMiowFBVV95cUxOV2FobGo0LVpvZkhVNk9JY3RuWVhqVWxJazIySVVrbnJwSEU5c2tBdHhISVl4ZDFySjVVSWh5cjRkV3JLakROMDhVVU1rTVJ1bmVRVDQxMDU0NldYVUotUnh3bTdUQmhRSG1nY2pxc2lIZm02QmpHaGlnSU5xMG9QdVItdTBXWWpKWjRXN084OERBRDhTQkp0U1ltbGtfbFQ4aTdJ?oc=5\" target=\"_blank\" rel=\"nofollow noopener\">L\u2019OL s\u2019offre Keito Nakamura pour oublier Malick Fofana<\/a>&nbsp;&nbsp;Foot Mercato<\/li>\n<li><a href=\"https:\/\/news.google.com\/rss\/articles\/CBMihAFBVV95cUxQZnd6cHA1UUQ4eDhYQnFxSzhNbWE4c1AxWlJqckR1SV9NZXNVZ3ZWUExRbFM5ZVNwa3FjbGhFVHVqT1ZwWWdUU1otYm9aamVXdzFfNkk1QjI2STdvZ2dvTVhwaXlicDl5S0NaV3NpbmZZeGpFVWNoNGdZTXRkb0hSNEF5QWg?oc=5\" target=\"_blank\" rel=\"nofollow noopener\">Keito Nakamura transf\u00e9r\u00e9 \u00e0 l\u2019Olympique Lyonnais<\/a>&nbsp;&nbsp;Stade de Reims<\/li>\n<li><a href=\"https:\/\/news.google.com\/rss\/articles\/CBMi-gFBVV95cUxNYXZmLTZ6aDhfbGt5QkhyNDVLZTFpU21vOF9udHhsaS1tR25qSFotMXJ4UkpxeWlGbElMaHZyY0tva0p3R3dGWEpsS0otTFZ3c092T1p2SXlCeDFDSWRKZUtid25pSU45SkxMZjVDNDBDWWRxdnNCdlJTR0NMRkt5ZE1JQUJib2l5MERkOEdIY0w3bEtiS2N3aUtJeHNweUljSmRDOG9lZWxYNUxhN1hVRUtudkJ2cUxUcjZtcTcwdzFRbkxwNEhNel9Jc0tKQU9wcTV2NzAtSzZjZmk1SlJ5VGhVMldyQzI4LUZLbEtVMjVER1llMFU0c1NB?oc=5\" target=\"_blank\" rel=\"nofollow noopener\">Mercato. Apr\u00e8s la fermeture du mercato, l\u2019OL signe une derni\u00e8re recrue<\/a>&nbsp;&nbsp;Ouest-France<\/li>\n<li><a href=\"https:\/\/news.google.com\/rss\/articles\/CBMikAFBVV95cUxPWTctVkl5UXkzQ1lGa2paNFVMc3AxQXpIa3Zic29DMjJtTUt1cFNvZ2hSOW51ckRvbG8xUGQzcU1zb2p1RnlHNzdZaEJFbHJQR21IOUdBMEN5S0lCcXBlRzZIaFE3Slc2Mk1zTEpkRW9LUmpLQWhPUV9mcU9McVc2ejZ4dzFhY3hmMm1vUmNBaUw?oc=5\" target=\"_blank\" rel=\"nofollow noopener\">Mercato: OL, le rempla\u00e7ant de Malick Fofana va finalement signer<\/a>&nbsp;&nbsp;Yahoo Actualit\u00e9s<\/li>\n<\/ol>\n","protected":false},"excerpt":{"rendered":"Mercato : Keito Nakamura s&rsquo;engage avec l&rsquo;OL jusqu&rsquo;en 2030 et quitte le Stade de Reims&nbsp;&nbsp;L&rsquo;\u00c9quipe L\u2019OL s\u2019offre Keito&hellip;\n","protected":false},"author":2,"featured_media":1164338,"comment_status":"","ping_status":"","sticky":false,"template":"","format":"standard","meta":{"footnotes":"","_share_on_mastodon":"0"},"categories":[2],"tags":[11,86760,63,1011,27,2070,66,446,5843,2428,87974,12,4243,33137],"class_list":["post-1164337","post","type-post","status-publish","format-standard","has-post-thumbnail","category-actualites","tag-actualites","tag-actus-et-infos","tag-football","tag-fr","tag-france","tag-japon","tag-ligue-1","tag-ligue-2","tag-ligue-europa","tag-lyon","tag-matias-archambeau","tag-news","tag-reims","tag-transferts-football"],"share_on_mastodon":{"url":"https:\/\/pubeurope.com\/@fr\/117205213264839495","error":""},"_links":{"self":[{"href":"https:\/\/www.europesays.com\/fr\/wp-json\/wp\/v2\/posts\/1164337","targetHints":{"allow":["GET"]}}],"collection":[{"href":"https:\/\/www.europesays.com\/fr\/wp-json\/wp\/v2\/posts"}],"about":[{"href":"https:\/\/www.europesays.com\/fr\/wp-json\/wp\/v2\/types\/post"}],"author":[{"embeddable":true,"href":"https:\/\/www.europesays.com\/fr\/wp-json\/wp\/v2\/users\/2"}],"replies":[{"embeddable":true,"href":"https:\/\/www.europesays.com\/fr\/wp-json\/wp\/v2\/comments?post=1164337"}],"version-history":[{"count":0,"href":"https:\/\/www.europesays.com\/fr\/wp-json\/wp\/v2\/posts\/1164337\/revisions"}],"wp:featuredmedia":[{"embeddable":true,"href":"https:\/\/www.europesays.com\/fr\/wp-json\/wp\/v2\/media\/1164338"}],"wp:attachment":[{"href":"https:\/\/www.europesays.com\/fr\/wp-json\/wp\/v2\/media?parent=1164337"}],"wp:term":[{"taxonomy":"category","embeddable":true,"href":"https:\/\/www.europesays.com\/fr\/wp-json\/wp\/v2\/categories?post=1164337"},{"taxonomy":"post_tag","embeddable":true,"href":"https:\/\/www.europesays.com\/fr\/wp-json\/wp\/v2\/tags?post=1164337"}],"curies":[{"name":"wp","href":"https:\/\/api.w.org\/{rel}","templated":true}]}}