{"id":1164339,"date":"2026-09-03T04:27:17","date_gmt":"2026-09-03T04:27:17","guid":{"rendered":"https:\/\/www.europesays.com\/fr\/1164339\/"},"modified":"2026-09-03T04:27:17","modified_gmt":"2026-09-03T04:27:17","slug":"loire-a-saint-etienne-on-peut-passer-la-nuit-dans-lappartement-de-monica-geller-de-la-serie-friends","status":"publish","type":"post","link":"https:\/\/www.europesays.com\/fr\/1164339\/","title":{"rendered":"Loire. \u00c0 Saint-\u00c9tienne, on peut passer la nuit dans l\u2019appartement de Monica Geller, de la s\u00e9rie \u00ab\u00a0Friends\u00a0\u00bb"},"content":{"rendered":"<p>De la peinture violette au mur, une cuisine bleue, du mobilier chin\u00e9 et d\u00e9pareill\u00e9. Pousser la porte de l\u2019appartement de M\u00e9lanie Perrat, c\u2019est \u00eatre propuls\u00e9 au c\u0153ur de la s\u00e9rie populaire Friends  et faire partie, pendant quelques instants, de l\u2019une des plus c\u00e9l\u00e8bres bandes d\u2019amis de la t\u00e9l\u00e9vision.<\/p>\n<p>\u00c0 Saint-\u00c9tienne, dans un logement qu\u2019elle a achet\u00e9 en juillet\u00a02025, M\u00e9lanie Perrat a recr\u00e9\u00e9 l\u2019ambiance de la s\u00e9rie et le d\u00e9cor de l\u2019appartement de Monica Geller. Un r\u00eave qui se concr\u00e9tise pour cette \u00ab\u00a0grande fan\u00a0\u00bb de la sitcom am\u00e9ricaine, dont le dernier \u00e9pisode a \u00e9t\u00e9 diffus\u00e9 en 2004.<\/p>\n<p>\u00ab\u00a0Une s\u00e9rie qui rassemble\u00a0\u00bb<\/p>\n<p>\u00ab\u00a0C\u2019est vraiment une s\u00e9rie doudou, elle repr\u00e9sente la vie facile\u2026 Avec mes&#8230;<\/p>\n","protected":false},"excerpt":{"rendered":"De la peinture violette au mur, une cuisine bleue, du mobilier chin\u00e9 et d\u00e9pareill\u00e9. Pousser la porte de&hellip;\n","protected":false},"author":2,"featured_media":1164340,"comment_status":"","ping_status":"","sticky":false,"template":"","format":"standard","meta":{"footnotes":"","_share_on_mastodon":"0"},"categories":[9653],"tags":[1111,11,2430,7539,1777,674,107,1011,27,1757,3367,12,25,4001,7538,4604,273],"class_list":["post-1164339","post","type-post","status-publish","format-standard","has-post-thumbnail","category-saint-etienne","tag-actu","tag-actualites","tag-auvergne-rhone-alpes","tag-edition-loire-sud","tag-eu","tag-europe","tag-fil-info","tag-fr","tag-france","tag-insolite","tag-loire","tag-news","tag-republique-francaise","tag-saint-etienne","tag-saint-etienne-ville","tag-selection-abonne","tag-selection-de-la-redaction"],"share_on_mastodon":{"url":"https:\/\/pubeurope.com\/@fr\/117205220993313702","error":""},"_links":{"self":[{"href":"https:\/\/www.europesays.com\/fr\/wp-json\/wp\/v2\/posts\/1164339","targetHints":{"allow":["GET"]}}],"collection":[{"href":"https:\/\/www.europesays.com\/fr\/wp-json\/wp\/v2\/posts"}],"about":[{"href":"https:\/\/www.europesays.com\/fr\/wp-json\/wp\/v2\/types\/post"}],"author":[{"embeddable":true,"href":"https:\/\/www.europesays.com\/fr\/wp-json\/wp\/v2\/users\/2"}],"replies":[{"embeddable":true,"href":"https:\/\/www.europesays.com\/fr\/wp-json\/wp\/v2\/comments?post=1164339"}],"version-history":[{"count":0,"href":"https:\/\/www.europesays.com\/fr\/wp-json\/wp\/v2\/posts\/1164339\/revisions"}],"wp:featuredmedia":[{"embeddable":true,"href":"https:\/\/www.europesays.com\/fr\/wp-json\/wp\/v2\/media\/1164340"}],"wp:attachment":[{"href":"https:\/\/www.europesays.com\/fr\/wp-json\/wp\/v2\/media?parent=1164339"}],"wp:term":[{"taxonomy":"category","embeddable":true,"href":"https:\/\/www.europesays.com\/fr\/wp-json\/wp\/v2\/categories?post=1164339"},{"taxonomy":"post_tag","embeddable":true,"href":"https:\/\/www.europesays.com\/fr\/wp-json\/wp\/v2\/tags?post=1164339"}],"curies":[{"name":"wp","href":"https:\/\/api.w.org\/{rel}","templated":true}]}}