{"id":1164341,"date":"2026-09-03T04:28:17","date_gmt":"2026-09-03T04:28:17","guid":{"rendered":"https:\/\/www.europesays.com\/fr\/1164341\/"},"modified":"2026-09-03T04:28:17","modified_gmt":"2026-09-03T04:28:17","slug":"au-coeur-de-lenquete-sur-cstar-cent-jours-en-immersion-avec-la-bac-de-saint-etienne","status":"publish","type":"post","link":"https:\/\/www.europesays.com\/fr\/1164341\/","title":{"rendered":"Au c\u0153ur de l&rsquo;enqu\u00eate sur CStar : cent jours en immersion avec la BAC de Saint-\u00c9tienne"},"content":{"rendered":"<p><strong>Ce jeudi 10 septembre 2026 \u00e0 21h09, CStar propose un num\u00e9ro d\u2019\u00ab Au c\u0153ur de l\u2019enqu\u00eate \u00bb consacr\u00e9 \u00e0 la brigade anticriminalit\u00e9 de Saint-\u00c9tienne. Pendant cent jours, les cam\u00e9ras ont suivi ces policiers de terrain confront\u00e9s au quotidien \u00e0 des situations tendues, parfois dangereuses.<\/strong><\/p>\n<p>Une immersion au plus pr\u00e8s du terrain<\/p>\n<p>Le magazine propose une plong\u00e9e dans le quotidien de la BAC st\u00e9phanoise, ces unit\u00e9s de police souvent en premi\u00e8re ligne. Interventions rapides, patrouilles de nuit, flagrants d\u00e9lits : le programme donne \u00e0 voir la r\u00e9alit\u00e9 d\u2019un m\u00e9tier exigeant, o\u00f9 il faut savoir r\u00e9agir vite et garder son sang-froid.<\/p>\n<p>Partout en France, policiers, gendarmes, pompiers et secouristes s\u2019efforcent de porter assistance et d\u2019assurer la s\u00e9curit\u00e9 des habitants, quitte \u00e0 s\u2019exposer eux-m\u00eames au danger. Ce num\u00e9ro met en lumi\u00e8re l\u2019engagement de ces femmes et de ces hommes, \u00e0 travers l\u2019exemple d\u2019une brigade et de son territoire.<\/p>\n<p>Cent jours durant, les cam\u00e9ras n\u2019ont rien l\u00e2ch\u00e9 de la tension et de l\u2019impr\u00e9vu qui rythment le quotidien de la brigade.Cent jours de tournage<\/p>\n<p>Le principe de l\u2019immersion longue permet de d\u00e9passer l\u2019image d\u2019\u00c9pinal pour montrer la diversit\u00e9 des missions. Sur une p\u00e9riode de cent jours, les \u00e9quipes ont capt\u00e9 aussi bien les moments d\u2019action que les temps d\u2019attente, les interventions muscl\u00e9es que le travail patient de terrain.<\/p>\n<p>Ce format documentaire, tourn\u00e9 au plus pr\u00e8s des agents, cherche \u00e0 restituer la tension, l\u2019impr\u00e9vu et la dimension humaine du m\u00e9tier. Il donne la parole aux policiers eux-m\u00eames, qui expliquent leurs choix et racontent leur rapport au risque.<\/p>\n<ul class=\"wp-block-list\">\n<li>Une immersion de cent jours aupr\u00e8s de la BAC de Saint-\u00c9tienne.<\/li>\n<li>Des interventions \u00e0 haut risque film\u00e9es sur le vif.<\/li>\n<li>Le t\u00e9moignage de policiers sur leur quotidien et leurs missions.<\/li>\n<\/ul>\n<p>Un genre qui fid\u00e9lise le public<\/p>\n<p>Les documentaires d\u2019immersion consacr\u00e9s aux forces de l\u2019ordre et aux services de secours rencontrent un large public. Ils r\u00e9pondent \u00e0 une curiosit\u00e9 pour des m\u00e9tiers m\u00e9connus et pour des situations que le commun des mortels ne c\u00f4toie jamais de pr\u00e8s.<\/p>\n<p>En suivant une brigade sur la dur\u00e9e, \u00ab Au c\u0153ur de l\u2019enqu\u00eate \u00bb propose plus qu\u2019un simple encha\u00eenement d\u2019interventions : il dresse le portrait d\u2019un territoire, avec ses probl\u00e9matiques propres, et met en perspective le travail policier dans son environnement.<\/p>\n<p>Un rendez-vous ancr\u00e9 dans le r\u00e9el<\/p>\n<p>Fid\u00e8le \u00e0 sa ligne, CStar continue de miser sur les documentaires ancr\u00e9s dans le quotidien et les faits de soci\u00e9t\u00e9. Ce type de programme, factuel et immersif, s\u00e9duit par son authenticit\u00e9 et par la proximit\u00e9 qu\u2019il installe avec ses protagonistes.<\/p>\n<p>Pour les amateurs de r\u00e9cits de terrain et de documentaires sur les forces de l\u2019ordre, ce num\u00e9ro consacr\u00e9 \u00e0 la BAC de Saint-\u00c9tienne promet une soir\u00e9e intense, au rythme des interventions et des al\u00e9as d\u2019un m\u00e9tier hors norme.<\/p>\n<p>Des m\u00e9tiers film\u00e9s sans fard<\/p>\n<p>L\u2019int\u00e9r\u00eat de l\u2019immersion longue est de d\u00e9passer les clich\u00e9s pour montrer la r\u00e9alit\u00e9 d\u2019un m\u00e9tier fait d\u2019adr\u00e9naline mais aussi d\u2019attente, de doute et de gestion du stress. En suivant les policiers dans la dur\u00e9e, le documentaire donne \u00e0 voir la diversit\u00e9 des situations et la mani\u00e8re dont les agents s\u2019adaptent \u00e0 l\u2019impr\u00e9vu.<\/p>\n<p>Ce regard au plus pr\u00e8s du terrain nourrit une r\u00e9flexion plus large sur les conditions d\u2019exercice des forces de l\u2019ordre et sur les tensions qui traversent certains territoires. Sans prendre parti, le programme laisse les faits et les protagonistes parler, offrant un t\u00e9moignage brut sur un quotidien m\u00e9connu du grand public.<\/p>\n<p>\u00c0 retenir<\/p>\n<p>\u00ab Au c\u0153ur de l\u2019enqu\u00eate \u00bb est diffus\u00e9 ce jeudi 10 septembre \u00e0 21h09 sur CStar. Le magazine documentaire propose une immersion de cent jours aupr\u00e8s de la brigade anticriminalit\u00e9 de Saint-\u00c9tienne, au plus pr\u00e8s d\u2019interventions \u00e0 haut risque et du quotidien des policiers de terrain.<\/p>\n<p>Quand et o\u00f9 regarder<\/p>\n<tr>Cha\u00eeneJour et dateHoraireTypeGenreSujet<\/tr>\n<tr>\n<td>CStar<\/td>\n<td>Jeudi 10 septembre 2026<\/td>\n<td>21h09<\/td>\n<td>Prime time<\/td>\n<td>Documentaire immersion<\/td>\n<td>BAC de Saint-\u00c9tienne<\/td>\n<\/tr>\n<p>Quand et o\u00f9 regarder<\/p>\n","protected":false},"excerpt":{"rendered":"Ce jeudi 10 septembre 2026 \u00e0 21h09, CStar propose un num\u00e9ro d\u2019\u00ab Au c\u0153ur de l\u2019enqu\u00eate \u00bb consacr\u00e9&hellip;\n","protected":false},"author":2,"featured_media":1164342,"comment_status":"","ping_status":"","sticky":false,"template":"","format":"standard","meta":{"footnotes":"","_share_on_mastodon":"0"},"categories":[9653],"tags":[1111,11,2430,1777,674,1011,27,12,25,4001],"class_list":["post-1164341","post","type-post","status-publish","format-standard","has-post-thumbnail","category-saint-etienne","tag-actu","tag-actualites","tag-auvergne-rhone-alpes","tag-eu","tag-europe","tag-fr","tag-france","tag-news","tag-republique-francaise","tag-saint-etienne"],"share_on_mastodon":{"url":"https:\/\/pubeurope.com\/@fr\/117205225043105135","error":""},"_links":{"self":[{"href":"https:\/\/www.europesays.com\/fr\/wp-json\/wp\/v2\/posts\/1164341","targetHints":{"allow":["GET"]}}],"collection":[{"href":"https:\/\/www.europesays.com\/fr\/wp-json\/wp\/v2\/posts"}],"about":[{"href":"https:\/\/www.europesays.com\/fr\/wp-json\/wp\/v2\/types\/post"}],"author":[{"embeddable":true,"href":"https:\/\/www.europesays.com\/fr\/wp-json\/wp\/v2\/users\/2"}],"replies":[{"embeddable":true,"href":"https:\/\/www.europesays.com\/fr\/wp-json\/wp\/v2\/comments?post=1164341"}],"version-history":[{"count":0,"href":"https:\/\/www.europesays.com\/fr\/wp-json\/wp\/v2\/posts\/1164341\/revisions"}],"wp:featuredmedia":[{"embeddable":true,"href":"https:\/\/www.europesays.com\/fr\/wp-json\/wp\/v2\/media\/1164342"}],"wp:attachment":[{"href":"https:\/\/www.europesays.com\/fr\/wp-json\/wp\/v2\/media?parent=1164341"}],"wp:term":[{"taxonomy":"category","embeddable":true,"href":"https:\/\/www.europesays.com\/fr\/wp-json\/wp\/v2\/categories?post=1164341"},{"taxonomy":"post_tag","embeddable":true,"href":"https:\/\/www.europesays.com\/fr\/wp-json\/wp\/v2\/tags?post=1164341"}],"curies":[{"name":"wp","href":"https:\/\/api.w.org\/{rel}","templated":true}]}}