{"id":1164378,"date":"2026-09-03T04:57:15","date_gmt":"2026-09-03T04:57:15","guid":{"rendered":"https:\/\/www.europesays.com\/fr\/1164378\/"},"modified":"2026-09-03T04:57:15","modified_gmt":"2026-09-03T04:57:15","slug":"la-musique-ma-sauve-le-parcours-hors-norme-de-loup-noir-entre-drames-intimes-et-nouveau-projet","status":"publish","type":"post","link":"https:\/\/www.europesays.com\/fr\/1164378\/","title":{"rendered":"\u00ab\u00a0La musique m\u2019a sauv\u00e9\u00a0\u00bb : le parcours hors norme de Loup Noir, entre drames intimes et nouveau projet"},"content":{"rendered":"<p>\n                                                                    l&rsquo;essentiel<br \/>\n                                                                \u00c0 28 ans, le musicien toulousain Loup Noir d\u00e9voile \u00ab\u00a0Sable noir\u00a0\u00bb, une mixtape de 10 titres qui m\u00eale rap, house et influences marocaines et s\u00e9n\u00e9galaises. Derri\u00e8re les m\u00e9lodies ent\u00eatantes et les productions modernes se dessine le parcours d\u2019un artiste marqu\u00e9 par les \u00e9preuves, qui entend d\u00e9sormais faire entendre sa voix.\n                            <\/p>\n<p>\u00ab\u00a0Solitaire et solidaire\u00a0\u00bb, voil\u00e0 les deux mots que Loup Noir emploie le plus souvent lorsqu\u2019il \u00e9voque son parcours et la teneur de son projet. Travailleur infatigable qui remet jour apr\u00e8s jour son ouvrage cr\u00e9atif, ses textes, sa musique au premier plan, il se dit plus \u00ab\u00a0artiste que rappeur\u00a0\u00bb, et revendique ses origines : \u00ab\u00a0Je suis n\u00e9 \u00e0 Toulouse \u00e0 l\u2019h\u00f4pital Purpan donc je suis un pur produit toulousain. Je suis d&rsquo;origines marocaine du c\u00f4t\u00e9 de ma m\u00e8re et s\u00e9n\u00e9galaise du c\u00f4t\u00e9 de mon p\u00e8re. Ils \u00e9coutaient chacun des musiques diff\u00e9rentes, du chaabi marocain et du zouk pour elle et Youssou N\u2019Dour et du reggae pour lui.\u00a0\u00bb <\/p>\n<p>Nourri par ces univers rythmiques, le jeune homme de 28 ans\u00a0livre un nouveau projet, \u00ab\u00a0Sable noir\u00a0\u00bb, qui synth\u00e9tise ces acquis mis en valeur par la modernit\u00e9 house du beatmaker toulousain Prodweiller familier de grands noms comme Jul, Ninho, Gazo, Nej. Le r\u00e9sultat frappe par sa fluidit\u00e9, sa singularit\u00e9 et son \u00e9vidence m\u00e9lodique o\u00f9 piano et guitare occupent toute leur place. <\/p>\n<p>\u00ab\u00a0\u00c0 la base, on a cr\u00e9\u00e9 30 titres pour n\u2019en s\u00e9lectionner que 10 pour ce nouveau projet. On en avait enregistr\u00e9 autant pour le premier projet. Cette fois je consid\u00e8re &lsquo;Sable noir&rsquo; comme une mixtape parce que je n\u2019ai pas encore tous les codes pour faire un v\u00e9ritable album. Ces nouveaux titres sont destin\u00e9s \u00e0 montrer qui je suis tout en m\u2019amusant en m\u00e9langeant les styles musicaux.\u00a0\u00bb<\/p>\n<p>\u00ab\u00a0La musique m\u2019a sauv\u00e9\u00a0\u00bb<\/p>\n<p>\u00ab\u00a0J\u2019ai 28 ans, je ne suis pas jeune et je ne suis pas vieux, j\u2019ai commenc\u00e9 la musique par hasard vers 20 ans, gr\u00e2ce \u00e0 un ami qui m\u2019a embarqu\u00e9 l\u00e0-dedans et qui n\u2019en fait plus maintenant. Je crois que la musique m\u2019a sauv\u00e9. Honn\u00eatement, j&rsquo;\u00e9tais dans une p\u00e9riode de ma vie o\u00f9 j\u2019avais le choix entre la rue ou quelque chose d&rsquo;autre. J\u2019aurais pu glisser dans n\u2019importe quoi.\u00a0\u00bb Aussi, le v\u00e9cu, l\u2019exp\u00e9rience d\u2019une vie marqu\u00e9e par les d\u00e9c\u00e8s de son fr\u00e8re et de son fils, l\u2019envie de s\u2019extraire d\u2019une condition hors normes en \u00e9crivant \u00ab\u00a0en fonction de l\u2019humeur du moment.\u00a0\u00bb <\/p>\n<p>Au final, \u00e0 l\u2019\u00e9coute des titres \u00ab\u00a0T\u2019as capt\u00e9\u00a0\u00bb (un tube), \u00ab\u00a0O\u00f9 sont mes loups\u00a0\u00bb, \u00ab\u00a0TamTam\u00a0\u00bb, \u00ab\u00a0Fig\u00e9\u00a0\u00bb et d\u2019autres, on se dit que la patte existe, l\u2019inspiration aussi, les titres enj\u00f4leurs et \u00e9vidents promettent une carri\u00e8re fructueuse. Le Loup Noir solitaire pourrait bien vite constituer une meute\u2026 de fans.<\/p>\n<p>\u00ab\u00a0Sable noir\u00a0\u00bb de Loup Noir \u00e0 \u00e9couter sur toutes les plateformes.<\/p>\n","protected":false},"excerpt":{"rendered":"l&rsquo;essentiel \u00c0 28 ans, le musicien toulousain Loup Noir d\u00e9voile \u00ab\u00a0Sable noir\u00a0\u00bb, une mixtape de 10 titres qui&hellip;\n","protected":false},"author":2,"featured_media":1164379,"comment_status":"","ping_status":"","sticky":false,"template":"","format":"standard","meta":{"footnotes":"","_share_on_mastodon":"0"},"categories":[2816],"tags":[1111,11,872,1777,674,1011,27,2722,12,2680,25,2312],"class_list":["post-1164378","post","type-post","status-publish","format-standard","has-post-thumbnail","category-toulouse","tag-actu","tag-actualites","tag-culture-et-loisirs","tag-eu","tag-europe","tag-fr","tag-france","tag-haute-garonne","tag-news","tag-occitanie","tag-republique-francaise","tag-toulouse"],"share_on_mastodon":{"url":"https:\/\/pubeurope.com\/@fr\/117205338936053598","error":""},"_links":{"self":[{"href":"https:\/\/www.europesays.com\/fr\/wp-json\/wp\/v2\/posts\/1164378","targetHints":{"allow":["GET"]}}],"collection":[{"href":"https:\/\/www.europesays.com\/fr\/wp-json\/wp\/v2\/posts"}],"about":[{"href":"https:\/\/www.europesays.com\/fr\/wp-json\/wp\/v2\/types\/post"}],"author":[{"embeddable":true,"href":"https:\/\/www.europesays.com\/fr\/wp-json\/wp\/v2\/users\/2"}],"replies":[{"embeddable":true,"href":"https:\/\/www.europesays.com\/fr\/wp-json\/wp\/v2\/comments?post=1164378"}],"version-history":[{"count":0,"href":"https:\/\/www.europesays.com\/fr\/wp-json\/wp\/v2\/posts\/1164378\/revisions"}],"wp:featuredmedia":[{"embeddable":true,"href":"https:\/\/www.europesays.com\/fr\/wp-json\/wp\/v2\/media\/1164379"}],"wp:attachment":[{"href":"https:\/\/www.europesays.com\/fr\/wp-json\/wp\/v2\/media?parent=1164378"}],"wp:term":[{"taxonomy":"category","embeddable":true,"href":"https:\/\/www.europesays.com\/fr\/wp-json\/wp\/v2\/categories?post=1164378"},{"taxonomy":"post_tag","embeddable":true,"href":"https:\/\/www.europesays.com\/fr\/wp-json\/wp\/v2\/tags?post=1164378"}],"curies":[{"name":"wp","href":"https:\/\/api.w.org\/{rel}","templated":true}]}}