{"id":1164392,"date":"2026-09-03T05:06:14","date_gmt":"2026-09-03T05:06:14","guid":{"rendered":"https:\/\/www.europesays.com\/fr\/1164392\/"},"modified":"2026-09-03T05:06:14","modified_gmt":"2026-09-03T05:06:14","slug":"lyon-violences-racistes-en-marge-dol","status":"publish","type":"post","link":"https:\/\/www.europesays.com\/fr\/1164392\/","title":{"rendered":"Lyon. Violences racistes en marge d&rsquo;OL"},"content":{"rendered":"<p>Deux agressions racistes d&rsquo;une extr\u00eame violence ont \u00e9maill\u00e9 la rencontre OL &#8211; Le Havre, samedi 29 ao\u00fbt, aux abords du <a href=\"https:\/\/www.leprogres.fr\/p\/groupama-stadium\" target=\"_blank\" rel=\"nofollow noopener\">Groupama Stadium<\/a>.<\/p>\n<p><a href=\"https:\/\/www.leprogres.fr\/faits-divers-justice\/2026\/09\/02\/ils-l-ont-massacre-machoire-fracassee-nez-casse-son-fils-a-ete-agresse-devant-le-groupama-stadium\" target=\"_blank\" rel=\"nofollow noopener\">Un lyc\u00e9en de 17 ans,<\/a> de retour d&rsquo;une s\u00e9ance de futsal a \u00e9t\u00e9 pris \u00e0 partie par une quarantaine d&rsquo;individus cagoul\u00e9s et arm\u00e9s de matraques. Insult\u00e9 \u00ab\u00a0N\u00e9gros, bougnoules, on va vous tuer\u00a0\u00bb, il a subi une fracture de la m\u00e2choire et du nez (30 jours d&rsquo;ITT). Une plainte a \u00e9t\u00e9 d\u00e9pos\u00e9e.<\/p>\n<p>  \u00ab\u00a0Il est temps de se pencher sur la question des groupes de supporters ultras\u00a0\u00bb<\/p>\n<p>Meriem Bouchedda, conseill\u00e8re municipale de Rillieux-la-Pape, et son conjoint ont \u00e9galement \u00e9t\u00e9 agress\u00e9s apr\u00e8s le match avec 15 jours d&rsquo;ITT pour chacun. SOS Racisme et Sportitude ont r\u00e9agi : \u00ab\u00a0Le racisme ne peut \u00eatre consid\u00e9r\u00e9 comme une circonstance secondaire. Lorsque des violences sont commises en raison de l&rsquo;origine des victimes, cette dimension doit \u00eatre pleinement recherch\u00e9e dans l&rsquo;enqu\u00eate.\u00a0\u00bb\u00a0<\/p>\n<p>Le pr\u00e9sident de SOS Racisme Lyon, Kylian Abdelli, ajoute : \u00ab\u00a0Il est donc temps de se pencher s\u00e9rieusement sur la question des groupes de supporters ultras qui entretiennent des liens avec la mouvance radicale de l&rsquo;extr\u00eame droite lyonnaise, particuli\u00e8rement violente.\u00bb<\/p>\n<p>Les associations, qui ont d\u00e9j\u00e0 saisi la justice pour des faits similaires en 2023 et 2024, demandent l&rsquo;exploitation des vid\u00e9osurveillances et des r\u00e9seaux sociaux.\u00a0L&rsquo;OL a condamn\u00e9 ces actes et promis une \u00ab\u00a0tol\u00e9rance z\u00e9ro\u00a0\u00bb. SOS Racisme appelle \u00e0 renforcer la pr\u00e9vention pour \u00e9viter de nouveaux drames.\u00a0<\/p>\n","protected":false},"excerpt":{"rendered":"Deux agressions racistes d&rsquo;une extr\u00eame violence ont \u00e9maill\u00e9 la rencontre OL &#8211; Le Havre, samedi 29 ao\u00fbt, aux&hellip;\n","protected":false},"author":2,"featured_media":1164393,"comment_status":"","ping_status":"","sticky":false,"template":"","format":"standard","meta":{"footnotes":"","_share_on_mastodon":"0"},"categories":[1889],"tags":[1111,11,2430,2757,1777,674,274,63,1011,27,2428,12,2755,25,2429,104,517],"class_list":["post-1164392","post","type-post","status-publish","format-standard","has-post-thumbnail","category-lyon","tag-actu","tag-actualites","tag-auvergne-rhone-alpes","tag-edition-lyon-villeurbanne","tag-eu","tag-europe","tag-faits-divers-justice","tag-football","tag-fr","tag-france","tag-lyon","tag-news","tag-ol-olympique-lyonnais-football","tag-republique-francaise","tag-rhone","tag-societe","tag-sport"],"share_on_mastodon":{"url":"https:\/\/pubeurope.com\/@fr\/117205374610152355","error":""},"_links":{"self":[{"href":"https:\/\/www.europesays.com\/fr\/wp-json\/wp\/v2\/posts\/1164392","targetHints":{"allow":["GET"]}}],"collection":[{"href":"https:\/\/www.europesays.com\/fr\/wp-json\/wp\/v2\/posts"}],"about":[{"href":"https:\/\/www.europesays.com\/fr\/wp-json\/wp\/v2\/types\/post"}],"author":[{"embeddable":true,"href":"https:\/\/www.europesays.com\/fr\/wp-json\/wp\/v2\/users\/2"}],"replies":[{"embeddable":true,"href":"https:\/\/www.europesays.com\/fr\/wp-json\/wp\/v2\/comments?post=1164392"}],"version-history":[{"count":0,"href":"https:\/\/www.europesays.com\/fr\/wp-json\/wp\/v2\/posts\/1164392\/revisions"}],"wp:featuredmedia":[{"embeddable":true,"href":"https:\/\/www.europesays.com\/fr\/wp-json\/wp\/v2\/media\/1164393"}],"wp:attachment":[{"href":"https:\/\/www.europesays.com\/fr\/wp-json\/wp\/v2\/media?parent=1164392"}],"wp:term":[{"taxonomy":"category","embeddable":true,"href":"https:\/\/www.europesays.com\/fr\/wp-json\/wp\/v2\/categories?post=1164392"},{"taxonomy":"post_tag","embeddable":true,"href":"https:\/\/www.europesays.com\/fr\/wp-json\/wp\/v2\/tags?post=1164392"}],"curies":[{"name":"wp","href":"https:\/\/api.w.org\/{rel}","templated":true}]}}