{"id":1164394,"date":"2026-09-03T05:07:17","date_gmt":"2026-09-03T05:07:17","guid":{"rendered":"https:\/\/www.europesays.com\/fr\/1164394\/"},"modified":"2026-09-03T05:07:17","modified_gmt":"2026-09-03T05:07:17","slug":"ile-de-france-des-visiteurs-plus-nombreux-que-jamais-aux-jardins-ouverts","status":"publish","type":"post","link":"https:\/\/www.europesays.com\/fr\/1164394\/","title":{"rendered":"\u00cele-de-France\u00a0: des visiteurs plus nombreux que jamais aux Jardins ouverts"},"content":{"rendered":"\n<p style=\"margin-bottom: 0cm;\">La 10\u00e8me \u00e9dition de Jardins ouverts a attir\u00e9 pr\u00e8s de 105.000 visiteurs entre le 27 juin et le 30 ao\u00fbt 2026. Pendant deux mois, jardins patrimoniaux, parcs, fermes urbaines ou jardins partag\u00e9s ont accueilli le public partout en \u00cele-de-France. Le but du festival\u00a0: rendre la culture accessible pendant l\u2019\u00e9t\u00e9 tout en mettant en valeur le patrimoine naturel francilien. Plus de 200 espaces verts du territoire ont particip\u00e9 \u00e0 l\u2019\u00e9v\u00e9nement, qui proposait pr\u00e8s de 600 rendez-vous culturels.<\/p>\n<p lang=\"fr-FR\" style=\"margin-bottom: 0cm; font-style: normal;\">\u00a0<\/p>\n<p lang=\"fr-FR\" style=\"margin-bottom: 0cm;\">Nicolas Chacun <\/p>\n<p>!function(f,b,e,v,n,t,s){if(f.fbq)return;n=f.fbq=function(){n.callMethod?<br \/>\nn.callMethod.apply(n,arguments):n.queue.push(arguments)};if(!f._fbq)f._fbq=n;<br \/>\nn.push=n;n.loaded=!0;n.version=&rsquo;2.0&prime;;n.queue=[];t=b.createElement(e);t.async=!0;<br \/>\nt.src=v;s=b.getElementsByTagName(e)[0];s.parentNode.insertBefore(t,s)}(window,<br \/>\ndocument,&rsquo;script&rsquo;,&rsquo;https:\/\/connect.facebook.net\/en_US\/fbevents.js&rsquo;);<br \/>\nfbq(&lsquo;init&rsquo;, &lsquo;278974969201861&rsquo;); \/\/ Insert your pixel ID here.<br \/>\nfbq(&lsquo;track&rsquo;, &lsquo;PageView&rsquo;);<\/p>\n","protected":false},"excerpt":{"rendered":"La 10\u00e8me \u00e9dition de Jardins ouverts a attir\u00e9 pr\u00e8s de 105.000 visiteurs entre le 27 juin et le&hellip;\n","protected":false},"author":2,"featured_media":1164395,"comment_status":"","ping_status":"","sticky":false,"template":"","format":"standard","meta":{"footnotes":"","_share_on_mastodon":"0"},"categories":[1592],"tags":[1111,11,1933,1936,1777,1939,674,1011,27,662,1934,12,1940,626,1935,25,1937,1941,1938],"class_list":["post-1164394","post","type-post","status-publish","format-standard","has-post-thumbnail","category-ile-de-france","tag-actu","tag-actualites","tag-actualites-locales","tag-essonne","tag-eu","tag-eure-et-loir","tag-europe","tag-fr","tag-france","tag-ile-de-france","tag-infos-locales","tag-news","tag-oise","tag-paris","tag-pres-de-chez-vous","tag-republique-francaise","tag-seine-et-marne","tag-somme","tag-yvelines"],"share_on_mastodon":{"url":"https:\/\/pubeurope.com\/@fr\/117205378403416248","error":""},"_links":{"self":[{"href":"https:\/\/www.europesays.com\/fr\/wp-json\/wp\/v2\/posts\/1164394","targetHints":{"allow":["GET"]}}],"collection":[{"href":"https:\/\/www.europesays.com\/fr\/wp-json\/wp\/v2\/posts"}],"about":[{"href":"https:\/\/www.europesays.com\/fr\/wp-json\/wp\/v2\/types\/post"}],"author":[{"embeddable":true,"href":"https:\/\/www.europesays.com\/fr\/wp-json\/wp\/v2\/users\/2"}],"replies":[{"embeddable":true,"href":"https:\/\/www.europesays.com\/fr\/wp-json\/wp\/v2\/comments?post=1164394"}],"version-history":[{"count":0,"href":"https:\/\/www.europesays.com\/fr\/wp-json\/wp\/v2\/posts\/1164394\/revisions"}],"wp:featuredmedia":[{"embeddable":true,"href":"https:\/\/www.europesays.com\/fr\/wp-json\/wp\/v2\/media\/1164395"}],"wp:attachment":[{"href":"https:\/\/www.europesays.com\/fr\/wp-json\/wp\/v2\/media?parent=1164394"}],"wp:term":[{"taxonomy":"category","embeddable":true,"href":"https:\/\/www.europesays.com\/fr\/wp-json\/wp\/v2\/categories?post=1164394"},{"taxonomy":"post_tag","embeddable":true,"href":"https:\/\/www.europesays.com\/fr\/wp-json\/wp\/v2\/tags?post=1164394"}],"curies":[{"name":"wp","href":"https:\/\/api.w.org\/{rel}","templated":true}]}}