{"id":116441,"date":"2025-05-21T08:49:11","date_gmt":"2025-05-21T08:49:11","guid":{"rendered":"https:\/\/www.europesays.com\/fr\/116441\/"},"modified":"2025-05-21T08:49:11","modified_gmt":"2025-05-21T08:49:11","slug":"gaza-lunion-europeenne-hausse-le-ton-face-a-israel-laccord-dassociation-en-danger","status":"publish","type":"post","link":"https:\/\/www.europesays.com\/fr\/116441\/","title":{"rendered":"Gaza : l&rsquo;Union europ\u00e9enne hausse le ton face \u00e0 Isra\u00ebl, l&rsquo;accord d&rsquo;association en danger ?"},"content":{"rendered":"<p>\tGaza : l&rsquo;Union europ\u00e9enne hausse le ton face \u00e0 Isra\u00ebl, l&rsquo;accord d&rsquo;association en danger ? &#8211; Touteleurope.eu<\/p>\n<p>\t\t<img decoding=\"async\" alt=\"fermer\" class=\"close-info\" src=\"https:\/\/www.europesays.com\/fr\/wp-content\/uploads\/2025\/04\/close-picto-blue.svg.svg+xml\"\/><\/p>\n<p>Touteleurope.eu est le site p\u00e9dagogique de r\u00e9f\u00e9rence sur les questions europ\u00e9ennes : <a href=\"https:\/\/www.touteleurope.eu\/qui-sommes-nous\/\" target=\"_blank\" rel=\"noopener\">Qui sommes-nous ?<\/a><\/p>\n<p><img decoding=\"async\" class=\"logo-pdf\" alt=\"Toute L'Europe \u2013 Comprendre l'Europe\" src=\"https:\/\/www.europesays.com\/fr\/wp-content\/uploads\/2025\/04\/logo-ttl.svg.svg+xml\"\/><\/p>\n","protected":false},"excerpt":{"rendered":"Gaza : l&rsquo;Union europ\u00e9enne hausse le ton face \u00e0 Isra\u00ebl, l&rsquo;accord d&rsquo;association en danger ? &#8211; Touteleurope.eu Touteleurope.eu&hellip;\n","protected":false},"author":2,"featured_media":116442,"comment_status":"","ping_status":"","sticky":false,"template":"","format":"standard","meta":{"footnotes":""},"categories":[1586],"tags":[11,215,6492,1777,674,1011,27,664,3257,12,3518,25],"class_list":{"0":"post-116441","1":"post","2":"type-post","3":"status-publish","4":"format-standard","5":"has-post-thumbnail","7":"category-europe","8":"tag-actualites","9":"tag-commerce","10":"tag-droits-de-lhomme","11":"tag-eu","12":"tag-europe","13":"tag-fr","14":"tag-france","15":"tag-israel","16":"tag-moyen-orient","17":"tag-news","18":"tag-palestine","19":"tag-republique-francaise"},"share_on_mastodon":{"url":"https:\/\/pubeurope.com\/@fr\/114544965471734551","error":""},"_links":{"self":[{"href":"https:\/\/www.europesays.com\/fr\/wp-json\/wp\/v2\/posts\/116441","targetHints":{"allow":["GET"]}}],"collection":[{"href":"https:\/\/www.europesays.com\/fr\/wp-json\/wp\/v2\/posts"}],"about":[{"href":"https:\/\/www.europesays.com\/fr\/wp-json\/wp\/v2\/types\/post"}],"author":[{"embeddable":true,"href":"https:\/\/www.europesays.com\/fr\/wp-json\/wp\/v2\/users\/2"}],"replies":[{"embeddable":true,"href":"https:\/\/www.europesays.com\/fr\/wp-json\/wp\/v2\/comments?post=116441"}],"version-history":[{"count":0,"href":"https:\/\/www.europesays.com\/fr\/wp-json\/wp\/v2\/posts\/116441\/revisions"}],"wp:featuredmedia":[{"embeddable":true,"href":"https:\/\/www.europesays.com\/fr\/wp-json\/wp\/v2\/media\/116442"}],"wp:attachment":[{"href":"https:\/\/www.europesays.com\/fr\/wp-json\/wp\/v2\/media?parent=116441"}],"wp:term":[{"taxonomy":"category","embeddable":true,"href":"https:\/\/www.europesays.com\/fr\/wp-json\/wp\/v2\/categories?post=116441"},{"taxonomy":"post_tag","embeddable":true,"href":"https:\/\/www.europesays.com\/fr\/wp-json\/wp\/v2\/tags?post=116441"}],"curies":[{"name":"wp","href":"https:\/\/api.w.org\/{rel}","templated":true}]}}