{"id":1164411,"date":"2026-09-03T05:16:12","date_gmt":"2026-09-03T05:16:12","guid":{"rendered":"https:\/\/www.europesays.com\/fr\/1164411\/"},"modified":"2026-09-03T05:16:12","modified_gmt":"2026-09-03T05:16:12","slug":"jurgen-klopp-selectionneur-de-lallemagne-visites-a-mayence-francfort-et-au-bayern-munich-avant-ses-debuts-face-aux-pays-bas","status":"publish","type":"post","link":"https:\/\/www.europesays.com\/fr\/1164411\/","title":{"rendered":"Jurgen Klopp s\u00e9lectionneur de l\u2019Allemagne : visites \u00e0 Mayence, Francfort et au Bayern Munich avant ses d\u00e9buts face aux Pays-Bas"},"content":{"rendered":"<p>\u00c0 peine deux semaines apr\u00e8s sa prise de fonctions \u00e0 la t\u00eate de l\u2019Allemagne, Jurgen Klopp modifie radicalement l\u2019organisation de la s\u00e9lection nationale en instaurant une implication directe et concr\u00e8te aupr\u00e8s des clubs de Bundesliga. Au lieu de se contenter d\u2019observer depuis les tribunes, le technicien de 59 ans se rend dans les centres d\u2019entra\u00eenement, rencontre les dirigeants des clubs et assiste \u00e0 des s\u00e9ances non ouvertes au public.<\/p>\n<p>Son programme r\u00e9cent comprend des visites au Bayern Munich, au VfB Stuttgart, au FC Augsbourg, \u00e0 l\u2019Eintracht Francfort et \u00e0 son ancien club de Mayence 05. Cette approche de terrain permet \u00e0 Klopp d\u2019\u00e9valuer en personne de potentiels appel\u00e9s en s\u00e9lection, notamment le d\u00e9fenseur de Stuttgart Finn Jeltsch et l\u2019attaquant de Francfort Younes Ebnoutalib.<\/p>\n<p>Ces visites marquent un changement clair de strat\u00e9gie alors que Klopp pr\u00e9pare ses d\u00e9buts officiels comme s\u00e9lectionneur de l\u2019Allemagne.<\/p>\n","protected":false},"excerpt":{"rendered":"\u00c0 peine deux semaines apr\u00e8s sa prise de fonctions \u00e0 la t\u00eate de l\u2019Allemagne, Jurgen Klopp modifie radicalement&hellip;\n","protected":false},"author":2,"featured_media":1164412,"comment_status":"","ping_status":"","sticky":false,"template":"","format":"standard","meta":{"footnotes":"","_share_on_mastodon":"0"},"categories":[1587],"tags":[11,672,4782,1804,1805,1803,40438,74017,1777,674,1801,96446,47734,47730,12,1802,12473],"class_list":["post-1164411","post","type-post","status-publish","format-standard","has-post-thumbnail","category-allemagne","tag-actualites","tag-allemagne","tag-bayern-munich","tag-bundesrepublik-deutschland","tag-de","tag-deutschland","tag-eintracht-francfort","tag-eintracht-frankfurt","tag-eu","tag-europe","tag-germany","tag-j-klopp","tag-mainz-05","tag-mayence","tag-news","tag-republique-federale-dallemagne","tag-vfb-stuttgart"],"share_on_mastodon":{"url":"https:\/\/pubeurope.com\/@fr\/117205413822254726","error":""},"_links":{"self":[{"href":"https:\/\/www.europesays.com\/fr\/wp-json\/wp\/v2\/posts\/1164411","targetHints":{"allow":["GET"]}}],"collection":[{"href":"https:\/\/www.europesays.com\/fr\/wp-json\/wp\/v2\/posts"}],"about":[{"href":"https:\/\/www.europesays.com\/fr\/wp-json\/wp\/v2\/types\/post"}],"author":[{"embeddable":true,"href":"https:\/\/www.europesays.com\/fr\/wp-json\/wp\/v2\/users\/2"}],"replies":[{"embeddable":true,"href":"https:\/\/www.europesays.com\/fr\/wp-json\/wp\/v2\/comments?post=1164411"}],"version-history":[{"count":0,"href":"https:\/\/www.europesays.com\/fr\/wp-json\/wp\/v2\/posts\/1164411\/revisions"}],"wp:featuredmedia":[{"embeddable":true,"href":"https:\/\/www.europesays.com\/fr\/wp-json\/wp\/v2\/media\/1164412"}],"wp:attachment":[{"href":"https:\/\/www.europesays.com\/fr\/wp-json\/wp\/v2\/media?parent=1164411"}],"wp:term":[{"taxonomy":"category","embeddable":true,"href":"https:\/\/www.europesays.com\/fr\/wp-json\/wp\/v2\/categories?post=1164411"},{"taxonomy":"post_tag","embeddable":true,"href":"https:\/\/www.europesays.com\/fr\/wp-json\/wp\/v2\/tags?post=1164411"}],"curies":[{"name":"wp","href":"https:\/\/api.w.org\/{rel}","templated":true}]}}