{"id":1164436,"date":"2026-09-03T05:39:18","date_gmt":"2026-09-03T05:39:18","guid":{"rendered":"https:\/\/www.europesays.com\/fr\/1164436\/"},"modified":"2026-09-03T05:39:18","modified_gmt":"2026-09-03T05:39:18","slug":"on-pensait-le-rhume-de-rentree-de-laine-sans-consequence-chez-le-nourrisson-il-devient-tout-autre-chose","status":"publish","type":"post","link":"https:\/\/www.europesays.com\/fr\/1164436\/","title":{"rendered":"On pensait le rhume de rentr\u00e9e de l&rsquo;a\u00een\u00e9 sans cons\u00e9quence : chez le nourrisson, il devient tout autre chose"},"content":{"rendered":"<p class=\"gpsb-badge__text\">Vous aimez notre contenu ?<\/p>\n<p><a class=\"gpsb-badge__link no-adv\" data-ad-skip=\"true\" href=\"https:\/\/google.com\/preferences\/source?q=sciencepost.fr\" target=\"_blank\" rel=\"noopener sponsored nofollow\" aria-label=\"Ajoutez-nous \u00e0 vos favoris Google\">Ajoutez-nous \u00e0 vos<br \/>favoris Google<\/a><\/p>\n<p class=\"wp-block-paragraph\">Trois jours de nez qui coule, une petite toux, un peu de fi\u00e8vre : chez l\u2019a\u00een\u00e9 qui vient de reprendre le chemin de l\u2019\u00e9cole, ce genre de rhume passe presque inaper\u00e7u. On lui donne un peu de s\u00e9rum physiologique, on attend que \u00e7a passe, et une semaine plus tard, il n\u2019y para\u00eet plus. Mais dans la m\u00eame maison, quand ce virus banal atteint le petit fr\u00e8re ou la petite s\u0153ur de quelques semaines ou mois, l\u2019histoire peut prendre une tournure bien plus inqui\u00e9tante. Ce paradoxe, qui touche chaque rentr\u00e9e des milliers de familles fran\u00e7aises, m\u00e9rite qu\u2019on s\u2019y attarde : comment un m\u00eame microbe peut-il \u00eatre anodin chez l\u2019un et potentiellement grave chez l\u2019autre ?<\/p>\n<p class=\"spw-key-points__title wp-block-paragraph\"><strong>\u00c0 retenir<\/strong><\/p>\n<ul class=\"wp-block-list spw-key-points__list\">&#13;<\/p>\n<li>Le VRS, banal chez l\u2019a\u00een\u00e9, peut provoquer une bronchiolite s\u00e9v\u00e8re chez le nourrisson dont les voies respiratoires \u00e9troites et l\u2019immunit\u00e9 immature le rendent plus vuln\u00e9rable.<\/li>\n<p>&#13;<\/p>\n<li>Toute respiration rapide ou difficile, difficult\u00e9 \u00e0 t\u00e9ter, coloration bleut\u00e9e ou pause respiratoire chez le b\u00e9b\u00e9 doit conduire \u00e0 une consultation m\u00e9dicale urgente.<\/li>\n<p>&#13;<\/p>\n<li>Le nirs\u00e9vimab, anticorps monoclonal administr\u00e9 d\u00e8s la naissance ou \u00e0 l\u2019automne, prot\u00e8ge imm\u00e9diatement le nourrisson contre le VRS et r\u00e9duit les hospitalisations.<\/li>\n<p>&#13;\n<\/ul>\n<p>Un simple rhume chez l\u2019a\u00een\u00e9 peut devenir dangereux chez le b\u00e9b\u00e9<\/p>\n<p class=\"wp-block-paragraph\">Chaque ann\u00e9e, au moment o\u00f9 les salles de classe se remplissent \u00e0 nouveau, les virus hivernaux entament leur circulation. Le rhume de l\u2019a\u00een\u00e9, souvent contract\u00e9 \u00e0 la cr\u00e8che ou \u00e0 l\u2019\u00e9cole, semble n\u2019\u00eatre qu\u2019une formalit\u00e9 saisonni\u00e8re. Il tousse un peu, mouche beaucoup, mais continue de jouer et de manger normalement. Ce tableau clinique b\u00e9nin rassure les parents, qui n\u2019imaginent pas toujours qu\u2019ils h\u00e9bergent, sans le savoir, un virus capable de mettre \u00e0 mal les poumons encore immatures d\u2019un tout petit.<\/p>\n<p class=\"wp-block-paragraph\">Le responsable de cette situation porte un nom peu connu du grand public : le <strong>virus respiratoire syncytial<\/strong>, plus souvent d\u00e9sign\u00e9 par son sigle, le <strong>VRS<\/strong>. Ce virus extr\u00eamement contagieux se transmet par les gouttelettes respiratoires et par le contact avec des surfaces contamin\u00e9es, ce qui en fait un habitu\u00e9 des cartables, des jouets partag\u00e9s et des c\u00e2lins fraternels. Chez un enfant plus \u00e2g\u00e9, dont les voies respiratoires sont plus larges et le syst\u00e8me immunitaire d\u00e9j\u00e0 entra\u00een\u00e9 par de multiples infections pr\u00e9c\u00e9dentes, il se traduit g\u00e9n\u00e9ralement par un rhume classique. Mais transmis \u00e0 un nourrisson, ce m\u00eame virus peut d\u00e9clencher une inflammation s\u00e9v\u00e8re des petites bronches, appel\u00e9e bronchiolite.<\/p>\n<p>Pourquoi le VRS frappe si diff\u00e9remment selon l\u2019\u00e2ge<\/p>\n<p class=\"wp-block-paragraph\">La diff\u00e9rence de gravit\u00e9 entre l\u2019a\u00een\u00e9 et le nourrisson s\u2019explique en grande partie par une question d\u2019anatomie et d\u2019immunit\u00e9. Les voies respiratoires d\u2019un b\u00e9b\u00e9 de quelques semaines sont extr\u00eamement fines, \u00e0 peine plus larges qu\u2019une paille. Lorsque le VRS provoque une inflammation et une production excessive de mucus, ces petits conduits se bouchent bien plus facilement que chez un enfant plus grand, dont les bronches ont eu le temps de se d\u00e9velopper.<\/p>\n<p class=\"wp-block-paragraph\">\u00c0 cela s\u2019ajoute un syst\u00e8me immunitaire encore na\u00eff. Un enfant de six ou sept ans a d\u00e9j\u00e0 rencontr\u00e9 de nombreux virus respiratoires au fil de ses ann\u00e9es de collectivit\u00e9, ce qui lui permet de mieux r\u00e9agir face \u00e0 une nouvelle infection. Le nourrisson, lui, d\u00e9couvre souvent le VRS pour la premi\u00e8re fois, sans d\u00e9fenses pr\u00e9existantes. C\u2019est cette combinaison entre voies respiratoires \u00e9troites et immunit\u00e9 immature qui transforme un virus banal en menace s\u00e9rieuse. On comprend alors pourquoi la bronchiolite touche presque exclusivement les enfants de moins de deux ans, avec un pic de gravit\u00e9 chez les tout-petits de moins de six mois.<\/p>\n<p>La bronchiolite du nourrisson : des signes \u00e0 ne jamais ignorer<\/p>\n<p class=\"wp-block-paragraph\">Reconna\u00eetre les premiers signes de la bronchiolite permet souvent d\u2019\u00e9viter une aggravation. Tout commence g\u00e9n\u00e9ralement comme un rhume ordinaire : nez encombr\u00e9, \u00e9ternuements, parfois une l\u00e9g\u00e8re fi\u00e8vre. Mais chez le nourrisson, la situation peut \u00e9voluer rapidement, en deux ou trois jours, vers une respiration sifflante et acc\u00e9l\u00e9r\u00e9e. Les parents doivent alors \u00eatre attentifs \u00e0 plusieurs signaux d\u2019alerte, qui justifient une consultation m\u00e9dicale rapide :<\/p>\n<ul class=\"wp-block-list\">&#13;<\/p>\n<li>Une respiration rapide ou difficile, avec un creusement visible entre les c\u00f4tes<\/li>\n<p>&#13;<\/p>\n<li>Des difficult\u00e9s \u00e0 t\u00e9ter ou \u00e0 s\u2019alimenter<\/li>\n<p>&#13;<\/p>\n<li>Une fatigue inhabituelle ou une somnolence excessive<\/li>\n<p>&#13;<\/p>\n<li>Une coloration bleut\u00e9e des l\u00e8vres ou du visage<\/li>\n<p>&#13;<\/p>\n<li>Des pauses respiratoires, m\u00eame courtes<\/li>\n<p>&#13;\n<\/ul>\n<p class=\"wp-block-paragraph\">Ces sympt\u00f4mes ne doivent jamais \u00eatre minimis\u00e9s. La bronchiolite reste la premi\u00e8re cause d\u2019hospitalisation chez les nourrissons de moins d\u2019un an en France durant la p\u00e9riode automnale et hivernale. Si la majorit\u00e9 des cas se r\u00e9solvent sans complication gr\u00e2ce \u00e0 une prise en charge adapt\u00e9e, certains b\u00e9b\u00e9s, notamment les pr\u00e9matur\u00e9s ou ceux souffrant de pathologies cardiaques ou pulmonaires, pr\u00e9sentent un risque accru de formes s\u00e9v\u00e8res n\u00e9cessitant une hospitalisation, voire un passage en r\u00e9animation.<\/p>\n<p>Le nirs\u00e9vimab, une protection d\u00e8s les premiers jours de vie<\/p>\n<p class=\"wp-block-paragraph\">Face \u00e0 cette menace bien identifi\u00e9e, la m\u00e9decine a d\u00e9velopp\u00e9 une r\u00e9ponse concr\u00e8te : le <strong>nirs\u00e9vimab<\/strong>. Il ne s\u2019agit pas d\u2019un vaccin classique, mais d\u2019un anticorps monoclonal administr\u00e9 directement au nourrisson, qui lui conf\u00e8re une protection imm\u00e9diate contre le VRS, sans attendre que son propre syst\u00e8me immunitaire ne d\u00e9veloppe ses propres d\u00e9fenses. Cette approche, relativement r\u00e9cente, change v\u00e9ritablement la donne dans la pr\u00e9vention de la bronchiolite grave.<\/p>\n<p class=\"wp-block-paragraph\">Concr\u00e8tement, cette injection est propos\u00e9e aux familles d\u00e8s la maternit\u00e9, \u00e0 la naissance de l\u2019enfant, pour les b\u00e9b\u00e9s n\u00e9s juste avant ou pendant la p\u00e9riode de circulation du virus. Pour ceux n\u00e9s en dehors de cette p\u00e9riode, l\u2019injection peut \u00eatre r\u00e9alis\u00e9e un peu plus tard, g\u00e9n\u00e9ralement \u00e0 l\u2019approche de l\u2019automne. Cette immunisation a permis de r\u00e9duire significativement le nombre d\u2019hospitalisations li\u00e9es \u00e0 la bronchiolite depuis sa g\u00e9n\u00e9ralisation. Elle repr\u00e9sente aujourd\u2019hui un outil pr\u00e9cieux pour prot\u00e9ger les nourrissons les plus vuln\u00e9rables, sans attendre qu\u2019ils soient eux-m\u00eames contamin\u00e9s pour r\u00e9agir.<\/p>\n<p>Prot\u00e9ger le nourrisson sans isoler l\u2019a\u00een\u00e9 : ce qu\u2019il faut retenir<\/p>\n<p class=\"wp-block-paragraph\">Il ne s\u2019agit \u00e9videmment pas d\u2019isoler l\u2019a\u00een\u00e9 ou de bannir les c\u00e2lins entre fr\u00e8res et s\u0153urs d\u00e8s qu\u2019un rhume pointe le bout de son nez. Une telle attitude serait aussi irr\u00e9aliste qu\u2019anxiog\u00e8ne pour toute la famille. En revanche, quelques gestes simples permettent de limiter la transmission sans bouleverser le quotidien : se laver fr\u00e9quemment les mains, \u00e9viter les bisous sur le visage du b\u00e9b\u00e9 lorsque l\u2019on est enrhum\u00e9, et a\u00e9rer r\u00e9guli\u00e8rement les pi\u00e8ces de vie.<\/p>\n<p class=\"wp-block-paragraph\">La vigilance reste le ma\u00eetre mot, sans pour autant sombrer dans l\u2019inqui\u00e9tude permanente. Savoir que le rhume de l\u2019a\u00een\u00e9 peut repr\u00e9senter un risque diff\u00e9rent pour le nourrisson permet simplement d\u2019adapter son comportement et de consulter rapidement en cas de doute. Gr\u00e2ce \u00e0 des outils comme le nirs\u00e9vimab, les familles disposent d\u00e9sormais d\u2019un moyen concret de prot\u00e9ger leurs tout-petits, en compl\u00e9ment du bon sens et de l\u2019observation attentive.<\/p>\n<p class=\"wp-block-paragraph\">Ce d\u00e9calage entre la banalit\u00e9 apparente d\u2019un rhume et sa dangerosit\u00e9 potentielle chez le nourrisson rappelle finalement une v\u00e9rit\u00e9 simple : en mati\u00e8re de sant\u00e9 infantile, l\u2019\u00e2ge change tout. Alors, \u00e0 l\u2019heure o\u00f9 les microbes de la rentr\u00e9e circulent \u00e0 nouveau dans les foyers, peut-\u00eatre vaut-il la peine de regarder diff\u00e9remment ce petit nez qui coule chez l\u2019a\u00een\u00e9, et de se demander qui, dans la maison, pourrait en p\u00e2tir bien plus que lui.<\/p>\n","protected":false},"excerpt":{"rendered":"Vous aimez notre contenu ? Ajoutez-nous \u00e0 vosfavoris Google Trois jours de nez qui coule, une petite toux,&hellip;\n","protected":false},"author":2,"featured_media":1164437,"comment_status":"","ping_status":"","sticky":false,"template":"","format":"standard","meta":{"footnotes":"","_share_on_mastodon":"0"},"categories":[10],"tags":[1011,27,72,56,71],"class_list":["post-1164436","post","type-post","status-publish","format-standard","has-post-thumbnail","category-sante","tag-fr","tag-france","tag-health","tag-push","tag-sante"],"share_on_mastodon":{"url":"https:\/\/pubeurope.com\/@fr\/117205504218566948","error":""},"_links":{"self":[{"href":"https:\/\/www.europesays.com\/fr\/wp-json\/wp\/v2\/posts\/1164436","targetHints":{"allow":["GET"]}}],"collection":[{"href":"https:\/\/www.europesays.com\/fr\/wp-json\/wp\/v2\/posts"}],"about":[{"href":"https:\/\/www.europesays.com\/fr\/wp-json\/wp\/v2\/types\/post"}],"author":[{"embeddable":true,"href":"https:\/\/www.europesays.com\/fr\/wp-json\/wp\/v2\/users\/2"}],"replies":[{"embeddable":true,"href":"https:\/\/www.europesays.com\/fr\/wp-json\/wp\/v2\/comments?post=1164436"}],"version-history":[{"count":0,"href":"https:\/\/www.europesays.com\/fr\/wp-json\/wp\/v2\/posts\/1164436\/revisions"}],"wp:featuredmedia":[{"embeddable":true,"href":"https:\/\/www.europesays.com\/fr\/wp-json\/wp\/v2\/media\/1164437"}],"wp:attachment":[{"href":"https:\/\/www.europesays.com\/fr\/wp-json\/wp\/v2\/media?parent=1164436"}],"wp:term":[{"taxonomy":"category","embeddable":true,"href":"https:\/\/www.europesays.com\/fr\/wp-json\/wp\/v2\/categories?post=1164436"},{"taxonomy":"post_tag","embeddable":true,"href":"https:\/\/www.europesays.com\/fr\/wp-json\/wp\/v2\/tags?post=1164436"}],"curies":[{"name":"wp","href":"https:\/\/api.w.org\/{rel}","templated":true}]}}