{"id":1164446,"date":"2026-09-03T05:45:38","date_gmt":"2026-09-03T05:45:38","guid":{"rendered":"https:\/\/www.europesays.com\/fr\/1164446\/"},"modified":"2026-09-03T05:45:38","modified_gmt":"2026-09-03T05:45:38","slug":"etats-unis-deux-personnes-tuees-lors-dune-fusillade-dans-le-centre-de-minneapolis","status":"publish","type":"post","link":"https:\/\/www.europesays.com\/fr\/1164446\/","title":{"rendered":"Etats-Unis\u00a0: Deux personnes tu\u00e9es lors d\u2019une fusillade dans le centre de Minneapolis"},"content":{"rendered":"<p>La violence avec des armes \u00e0 feu frappe une nouvelle fois les <a href=\"https:\/\/www.20minutes.fr\/monde\/etats-unis\/\" target=\"_blank\" class=\"c-link c-link--is-underlined\" rel=\"nofollow noopener\">Etats-Unis<\/a>. Une fusillade a ainsi \u00e9clat\u00e9 mercredi dans le centre de <a href=\"https:\/\/www.20minutes.fr\/dossier\/minneapolis\" target=\"_blank\" class=\"c-link c-link--is-underlined\" rel=\"nofollow noopener\">Minneapolis<\/a>.<\/p>\n<p>Deux personnes ont \u00e9t\u00e9 tu\u00e9es et plusieurs autres ont \u00e9t\u00e9 bless\u00e9es lors de tirs dans cette grande ville du nord du pays. Le suspect est \u00e9galement mort, a fait savoir la police.<\/p>\n<p>Trois policiers bless\u00e9s<\/p>\n<p>Appel\u00e9e pour des bruits de tirs d\u2019arme \u00e0 feu, la police est intervenue dans un immeuble du centre-ville en fin d\u2019apr\u00e8s-midi et, sur place, \u00ab\u00a0trois agents ont \u00e9t\u00e9 bless\u00e9s\u00a0\u00bb, a expliqu\u00e9 Garrett Parten, le porte-parole de la police.<\/p>\n<\/p>\n<p>L\u2019une des sept personnes transport\u00e9es \u00e0 l\u2019h\u00f4pital est d\u00e9c\u00e9d\u00e9e, tandis qu\u2019une autre personne est morte sur place, a ajout\u00e9 le porte-parole. \u00ab\u00a0La personne soup\u00e7onn\u00e9e d\u2019\u00eatre l\u2019auteur des tirs est morte, et, pour l\u2019instant, les causes de son d\u00e9c\u00e8s ne sont pas connues\u00a0\u00bb. Garrett Parten n\u2019a donn\u00e9 aucun \u00e9l\u00e9ment sur un possible mobile. Les policiers touch\u00e9s sont dans un \u00ab\u00a0\u00e9tat stable\u00a0\u00bb, a pour sa part fait savoir l\u2019h\u00f4pital qui les a pris en charge.<\/p>\n<p><a href=\"https:\/\/www.20minutes.fr\/monde\/etats-unis\/\" target=\"_blank\" class=\"c-link c-btn c-btn--primary\" rel=\"nofollow noopener\">Notre dossier sur les Etats-Unis<\/a><\/p>\n<p>\u00ab\u00a0Priez pour le Minnesota\u00a0\u00bb, a pour sa part \u00e9crit sur X Tim Walz, le gouverneur de cet Etat dans lequel est situ\u00e9e cette agglom\u00e9ration. Le directeur du FBI Kash Patel a, lui, affirm\u00e9 que ses agents participaient \u00e0 l\u2019op\u00e9ration.<\/p>\n","protected":false},"excerpt":{"rendered":"La violence avec des armes \u00e0 feu frappe une nouvelle fois les Etats-Unis. Une fusillade a ainsi \u00e9clat\u00e9&hellip;\n","protected":false},"author":2,"featured_media":1164447,"comment_status":"","ping_status":"","sticky":false,"template":"","format":"standard","meta":{"footnotes":"","_share_on_mastodon":"0"},"categories":[5],"tags":[47,11,35451,73,18120,1011,27,3832,14,32194,74,12,133,809,28],"class_list":["post-1164446","post","type-post","status-publish","format-standard","has-post-thumbnail","category-international","tag-actualite","tag-actualites","tag-armes-a-feu-aux-etats-unis","tag-etats-unis","tag-fbi","tag-fr","tag-france","tag-fusillade","tag-international","tag-minneapolis","tag-monde","tag-news","tag-video","tag-violence","tag-world"],"share_on_mastodon":{"url":"https:\/\/pubeurope.com\/@fr\/117205527935541936","error":""},"_links":{"self":[{"href":"https:\/\/www.europesays.com\/fr\/wp-json\/wp\/v2\/posts\/1164446","targetHints":{"allow":["GET"]}}],"collection":[{"href":"https:\/\/www.europesays.com\/fr\/wp-json\/wp\/v2\/posts"}],"about":[{"href":"https:\/\/www.europesays.com\/fr\/wp-json\/wp\/v2\/types\/post"}],"author":[{"embeddable":true,"href":"https:\/\/www.europesays.com\/fr\/wp-json\/wp\/v2\/users\/2"}],"replies":[{"embeddable":true,"href":"https:\/\/www.europesays.com\/fr\/wp-json\/wp\/v2\/comments?post=1164446"}],"version-history":[{"count":0,"href":"https:\/\/www.europesays.com\/fr\/wp-json\/wp\/v2\/posts\/1164446\/revisions"}],"wp:featuredmedia":[{"embeddable":true,"href":"https:\/\/www.europesays.com\/fr\/wp-json\/wp\/v2\/media\/1164447"}],"wp:attachment":[{"href":"https:\/\/www.europesays.com\/fr\/wp-json\/wp\/v2\/media?parent=1164446"}],"wp:term":[{"taxonomy":"category","embeddable":true,"href":"https:\/\/www.europesays.com\/fr\/wp-json\/wp\/v2\/categories?post=1164446"},{"taxonomy":"post_tag","embeddable":true,"href":"https:\/\/www.europesays.com\/fr\/wp-json\/wp\/v2\/tags?post=1164446"}],"curies":[{"name":"wp","href":"https:\/\/api.w.org\/{rel}","templated":true}]}}