{"id":1164452,"date":"2026-09-03T05:50:11","date_gmt":"2026-09-03T05:50:11","guid":{"rendered":"https:\/\/www.europesays.com\/fr\/1164452\/"},"modified":"2026-09-03T05:50:11","modified_gmt":"2026-09-03T05:50:11","slug":"un-pretre-lie-a-saint-etienne-ecarte-apres-une-relation-avec-une-etudiante-majeure","status":"publish","type":"post","link":"https:\/\/www.europesays.com\/fr\/1164452\/","title":{"rendered":"Un pr\u00eatre li\u00e9 \u00e0 Saint-\u00c9tienne \u00e9cart\u00e9 apr\u00e8s une relation avec une \u00e9tudiante majeure"},"content":{"rendered":"<p>Le p\u00e8re Jean-Bernard Plessy, ancien directeur de l\u2019Institution des Chartreux, a \u00e9t\u00e9 d\u00e9mis de ses fonctions apr\u00e8s avoir entretenu une relation avec une \u00e9tudiante majeure plac\u00e9e sous son autorit\u00e9. Ordonn\u00e9 pr\u00eatre \u00e0 Saint-\u00c9tienne, il a \u00e9galement interdiction de se rendre sur le site st\u00e9phanois du groupe scolaire.<\/p>\n<p>L\u2019archev\u00eaque de Lyon, <strong>Mgr Olivier de Germay<\/strong>, a annonc\u00e9 mercredi 2 septembre avoir pris plusieurs mesures \u00e0 l\u2019encontre du\u00a0directeur du groupe scolaire des Chartreux. Le dioc\u00e8se indique avoir \u00e9t\u00e9 inform\u00e9 en juin 2026 d\u2019<strong>une relation entre le pr\u00eatre et une \u00e9tudiante majeure<\/strong> plac\u00e9e sous son autorit\u00e9. Une enqu\u00eate canonique a \u00e9t\u00e9 ouverte. <strong>Jean-Bernard Plessy<\/strong> a ainsi \u00e9t\u00e9 d\u00e9mis de sa fonction de directeur et a interdiction d\u2019entrer en contact avec l\u2019\u00e9tudiante, de se rendre sur les diff\u00e9rents sites de l\u2019Institution des Chartreux et d\u2019exercer un minist\u00e8re dans le dioc\u00e8se de Lyon.<\/p>\n<p><strong>Les Chartreux, une institution sur Lyon et Saint-Etienne<\/strong><\/p>\n<p>Jean-Bernard Plessy a \u00e9t\u00e9 ordonn\u00e9 pr\u00eatre du dioc\u00e8se de Saint-\u00c9tienne en 1991 avant de rejoindre celui de Lyon quelques ann\u00e9es plus tard. L\u2019Institution des Chartreux dispose \u00e9galement d\u2019un \u00e9tablissement \u00e0 Saint-Etienne, Les Chartreux Sainte-Famille, qui accueille notamment des \u00e9l\u00e8ves de l\u2019\u00e9cole et du coll\u00e8ge. Le groupe compte 9 sites au total, r\u00e9partis entre Lyon, son agglom\u00e9ration et Saint-\u00c9tienne. L\u2019interdiction de se rendre dans les \u00e9tablissements des Chartreux concerne donc aussi le site st\u00e9phanois.\u00a0\u00a0<\/p>\n<p><strong>Une enqu\u00eate ouverte par le parquet de Lyon<\/strong><\/p>\n<p>En parall\u00e8le de la proc\u00e9dure men\u00e9e par l\u2019\u00c9glise, un signalement p\u00e9nal a \u00e9t\u00e9 effectu\u00e9 aupr\u00e8s du procureur de la R\u00e9publique de Lyon afin que les circonstances de cette relation puissent \u00eatre v\u00e9rifi\u00e9es. Le parquet de Lyon a indiqu\u00e9 \u00e0 l\u2019AFP qu\u2019une enqu\u00eate avait \u00e9t\u00e9 ouverte et que les investigations \u00e9taient en cours.<\/p>\n<ul>&#13;<\/p>\n<li>Jean-Bernard Plessy avait annonc\u00e9 son d\u00e9part aux parents d\u2019\u00e9l\u00e8ves dans un courrier dat\u00e9 du 9 juillet. Il expliquait alors qu\u2019il fallait savoir partir avec le \u00ab\u00a0sentiment du devoir accompli\u00a0\u00bb. Les raisons ayant conduit \u00e0 son retrait de la direction n\u2019ont \u00e9t\u00e9 rendues publiques que lors de la rentr\u00e9e scolaire.<\/li>\n<p>&#13;\n<\/ul>\n<p>ZF<\/p>\n<p>\u00a0<\/p>\n","protected":false},"excerpt":{"rendered":"Le p\u00e8re Jean-Bernard Plessy, ancien directeur de l\u2019Institution des Chartreux, a \u00e9t\u00e9 d\u00e9mis de ses fonctions apr\u00e8s avoir&hellip;\n","protected":false},"author":2,"featured_media":1164453,"comment_status":"","ping_status":"","sticky":false,"template":"","format":"standard","meta":{"footnotes":"","_share_on_mastodon":"0"},"categories":[9653],"tags":[1111,11,2430,1777,674,1011,27,12,25,4001],"class_list":["post-1164452","post","type-post","status-publish","format-standard","has-post-thumbnail","category-saint-etienne","tag-actu","tag-actualites","tag-auvergne-rhone-alpes","tag-eu","tag-europe","tag-fr","tag-france","tag-news","tag-republique-francaise","tag-saint-etienne"],"share_on_mastodon":{"url":"https:\/\/pubeurope.com\/@fr\/117205547563305006","error":""},"_links":{"self":[{"href":"https:\/\/www.europesays.com\/fr\/wp-json\/wp\/v2\/posts\/1164452","targetHints":{"allow":["GET"]}}],"collection":[{"href":"https:\/\/www.europesays.com\/fr\/wp-json\/wp\/v2\/posts"}],"about":[{"href":"https:\/\/www.europesays.com\/fr\/wp-json\/wp\/v2\/types\/post"}],"author":[{"embeddable":true,"href":"https:\/\/www.europesays.com\/fr\/wp-json\/wp\/v2\/users\/2"}],"replies":[{"embeddable":true,"href":"https:\/\/www.europesays.com\/fr\/wp-json\/wp\/v2\/comments?post=1164452"}],"version-history":[{"count":0,"href":"https:\/\/www.europesays.com\/fr\/wp-json\/wp\/v2\/posts\/1164452\/revisions"}],"wp:featuredmedia":[{"embeddable":true,"href":"https:\/\/www.europesays.com\/fr\/wp-json\/wp\/v2\/media\/1164453"}],"wp:attachment":[{"href":"https:\/\/www.europesays.com\/fr\/wp-json\/wp\/v2\/media?parent=1164452"}],"wp:term":[{"taxonomy":"category","embeddable":true,"href":"https:\/\/www.europesays.com\/fr\/wp-json\/wp\/v2\/categories?post=1164452"},{"taxonomy":"post_tag","embeddable":true,"href":"https:\/\/www.europesays.com\/fr\/wp-json\/wp\/v2\/tags?post=1164452"}],"curies":[{"name":"wp","href":"https:\/\/api.w.org\/{rel}","templated":true}]}}