{"id":1164454,"date":"2026-09-03T05:51:15","date_gmt":"2026-09-03T05:51:15","guid":{"rendered":"https:\/\/www.europesays.com\/fr\/1164454\/"},"modified":"2026-09-03T05:51:15","modified_gmt":"2026-09-03T05:51:15","slug":"saint-etienne-il-tire-en-lair-devant-la-mairie-puis-appelle-lui-meme-la-police","status":"publish","type":"post","link":"https:\/\/www.europesays.com\/fr\/1164454\/","title":{"rendered":"Saint-\u00c9tienne : il tire en l\u2019air devant la mairie puis appelle lui-m\u00eame la police"},"content":{"rendered":"<p>Un homme d\u2019une trentaine d\u2019ann\u00e9es a tir\u00e9 \u00e0 blanc, ce mercredi vers 12h30, depuis les marches de l\u2019H\u00f4tel-de-Ville de Saint-\u00c9tienne. <\/p>\n<p>La sc\u00e8ne s\u2019est d\u00e9roul\u00e9e en plein centre-ville de Saint-\u00c9tienne, place de l\u2019H\u00f4tel-de-Ville. Vers 12h30 ce mercredi, un homme \u00e2g\u00e9 d\u2019une trentaine d\u2019ann\u00e9es a fait feu en l\u2019air depuis les marches de la mairie. <strong>L\u2019arme utilis\u00e9e tirait \u00e0 blanc et il n&rsquo;y a pas eu de bless\u00e9<\/strong>. Apr\u00e8s les tirs, l\u2019homme a lui-m\u00eame appel\u00e9 la police. Au cours de cet \u00e9change, il a demand\u00e9 aux forces de l\u2019ordre \u00e0 \u00eatre incarc\u00e9r\u00e9.\u00a0Les policiers ont proc\u00e9d\u00e9 \u00e0 son interpellation sans r\u00e9sistance.<\/p>\n<p>Les raisons qui l\u2019ont pouss\u00e9 \u00e0 tirer en l\u2019air puis \u00e0 r\u00e9clamer son incarc\u00e9ration ne sont pas pr\u00e9cis\u00e9es \u00e0 ce stade.<\/p>\n<p>ZF<\/p>\n","protected":false},"excerpt":{"rendered":"Un homme d\u2019une trentaine d\u2019ann\u00e9es a tir\u00e9 \u00e0 blanc, ce mercredi vers 12h30, depuis les marches de l\u2019H\u00f4tel-de-Ville&hellip;\n","protected":false},"author":2,"featured_media":1164455,"comment_status":"","ping_status":"","sticky":false,"template":"","format":"standard","meta":{"footnotes":"","_share_on_mastodon":"0"},"categories":[9653],"tags":[1111,11,2430,1777,674,1011,27,12,25,4001],"class_list":["post-1164454","post","type-post","status-publish","format-standard","has-post-thumbnail","category-saint-etienne","tag-actu","tag-actualites","tag-auvergne-rhone-alpes","tag-eu","tag-europe","tag-fr","tag-france","tag-news","tag-republique-francaise","tag-saint-etienne"],"share_on_mastodon":{"url":"https:\/\/pubeurope.com\/@fr\/117205551674311112","error":""},"_links":{"self":[{"href":"https:\/\/www.europesays.com\/fr\/wp-json\/wp\/v2\/posts\/1164454","targetHints":{"allow":["GET"]}}],"collection":[{"href":"https:\/\/www.europesays.com\/fr\/wp-json\/wp\/v2\/posts"}],"about":[{"href":"https:\/\/www.europesays.com\/fr\/wp-json\/wp\/v2\/types\/post"}],"author":[{"embeddable":true,"href":"https:\/\/www.europesays.com\/fr\/wp-json\/wp\/v2\/users\/2"}],"replies":[{"embeddable":true,"href":"https:\/\/www.europesays.com\/fr\/wp-json\/wp\/v2\/comments?post=1164454"}],"version-history":[{"count":0,"href":"https:\/\/www.europesays.com\/fr\/wp-json\/wp\/v2\/posts\/1164454\/revisions"}],"wp:featuredmedia":[{"embeddable":true,"href":"https:\/\/www.europesays.com\/fr\/wp-json\/wp\/v2\/media\/1164455"}],"wp:attachment":[{"href":"https:\/\/www.europesays.com\/fr\/wp-json\/wp\/v2\/media?parent=1164454"}],"wp:term":[{"taxonomy":"category","embeddable":true,"href":"https:\/\/www.europesays.com\/fr\/wp-json\/wp\/v2\/categories?post=1164454"},{"taxonomy":"post_tag","embeddable":true,"href":"https:\/\/www.europesays.com\/fr\/wp-json\/wp\/v2\/tags?post=1164454"}],"curies":[{"name":"wp","href":"https:\/\/api.w.org\/{rel}","templated":true}]}}