{"id":1164458,"date":"2026-09-03T05:53:52","date_gmt":"2026-09-03T05:53:52","guid":{"rendered":"https:\/\/www.europesays.com\/fr\/1164458\/"},"modified":"2026-09-03T05:53:52","modified_gmt":"2026-09-03T05:53:52","slug":"mercato-ea-guingamp-une-bonne-affaire-une-derniere-journee-bouillante-et-un-numero-9-trouve-in-extremis","status":"publish","type":"post","link":"https:\/\/www.europesays.com\/fr\/1164458\/","title":{"rendered":"Mercato EA Guingamp. \u00ab\u00a0Une bonne affaire\u00a0\u00bb\u00a0: une derni\u00e8re journ\u00e9e bouillante et un num\u00e9ro\u00a09 trouv\u00e9 in extremis"},"content":{"rendered":"<p>\n                Article premium,<br \/>\n                    R\u00e9serv\u00e9 aux\u00a0abonn\u00e9s\n            <\/p>\n<p class=\"su-standfirst chapeau\">Jusqu\u2019au bout du bout ce mardi 1er\u00a0septembre, la qu\u00eate d\u2019un num\u00e9ro\u00a09 pour En Avant Guingamp aura \u00e9t\u00e9 ind\u00e9cise. Finalement, le club a r\u00e9ussi \u00e0 boucler l\u2019arriv\u00e9e de Brandon Bokangu en provenance de Nancy apr\u00e8s une journ\u00e9e angoissante.<\/p>\n<p>                                        <img decoding=\"async\" class=\"su-media\" src=\"https:\/\/www.europesays.com\/fr\/wp-content\/uploads\/2026\/09\/MjAyNjA5NjFlMzJiZTcwMWVhZjhlYjU2Njg1MTc5M2EwY2JkZDE.webp\" alt=\"Apr\u00e8s quatre journ\u00e9es et deux buts inscrits sous les couleurs de l\u2019AS Nancy Lorraine, Brandon Bokangu s\u2019est engag\u00e9 avec En Avant Guingamp quelques minutes avant la fin du mercato.\"  \/><\/p>\n<p>                            Apr\u00e8s quatre journ\u00e9es et deux buts inscrits sous les couleurs de l\u2019AS Nancy Lorraine, Brandon Bokangu s\u2019est engag\u00e9 avec En Avant Guingamp quelques minutes avant la fin du mercato. | PHOTOPQR\/L\u2019EST REPUBLICAIN\/MAXPPP<\/p>\n<p>                            fermer<\/p>\n<ul class=\"su-row su-carrousel-container su-not-list\" data-suswipe=\"{\" rambo=\"\" .carrousel-nav-bas=\"\" .item=\"\">\n<li class=\"su-col-xs-6 su-col-md-24 carrousel-contenu su-carrousel-item\" data-ofvwidth=\"{\" mobileonly=\"\"><img decoding=\"async\" data-ofmaxheight=\"\" class=\"su-media lazyload\" alt=\"Apr\u00e8s quatre journ\u00e9es et deux buts inscrits sous les couleurs de l\u2019AS Nancy Lorraine, Brandon Bokangu s\u2019est engag\u00e9 avec En Avant Guingamp quelques minutes avant la fin du mercato.\" src=\"data:image\/png;base64,iVBORw0KGgoAAAANSUhEUgAAABAAAAAJCAYAAAA7KqwyAAAAGXRFWHRTb2Z0d2FyZQBBZG9iZSBJbWFnZVJlYWR5ccllPAAAABhJREFUeNpi\/P\/\/PwMlgHHUgFEDgAAgwAD+lBrvy+NcxAAAAABJRU5ErkJggg==\" data-oflazyload=\"{&quot;srcset&quot;:&quot;https:\/\/media.ouest-france.fr\/v1\/pictures\/MjAyNjA5NjFlMzJiZTcwMWVhZjhlYjU2Njg1MTc5M2EwY2JkZDE?width=320&amp;focuspoint=50%2C25&amp;cropresize=1&amp;client_id=bpeditorial&amp;sign=db7b50dd01d223cd9e32fc3b6518e1d57e7ef8ca80f4dace41c24d54a79a4238 320w,https:\/\/media.ouest-france.fr\/v1\/pictures\/MjAyNjA5NjFlMzJiZTcwMWVhZjhlYjU2Njg1MTc5M2EwY2JkZDE?width=375&amp;focuspoint=50%2C25&amp;cropresize=1&amp;client_id=bpeditorial&amp;sign=a843c94c3ee86c6a4eb1f0dd93a6c268aeb2d096edb853a556a051337e89a080 360w,https:\/\/media.ouest-france.fr\/v1\/pictures\/MjAyNjA5NjFlMzJiZTcwMWVhZjhlYjU2Njg1MTc5M2EwY2JkZDE?width=480&amp;focuspoint=50%2C25&amp;cropresize=1&amp;client_id=bpeditorial&amp;sign=0e08b1dbebf464a46f1d2a6d17d27ea21013335120bed43525738ecda8f66945 480w,https:\/\/media.ouest-france.fr\/v1\/pictures\/MjAyNjA5NjFlMzJiZTcwMWVhZjhlYjU2Njg1MTc5M2EwY2JkZDE?width=630&amp;focuspoint=50%2C25&amp;cropresize=1&amp;client_id=bpeditorial&amp;sign=6904783dd986c9aa4b45e2c1dd17ee879fd6a9e8e70994a966cbf1a16b4e29d2 630w,https:\/\/media.ouest-france.fr\/v1\/pictures\/MjAyNjA5NjFlMzJiZTcwMWVhZjhlYjU2Njg1MTc5M2EwY2JkZDE?width=940&amp;focuspoint=50%2C25&amp;cropresize=1&amp;client_id=bpeditorial&amp;sign=7e886d1e5c6ae34b40a584e794994c6b040601e4395008c61c21290b8a9f3183 940w,https:\/\/media.ouest-france.fr\/v1\/pictures\/MjAyNjA5NjFlMzJiZTcwMWVhZjhlYjU2Njg1MTc5M2EwY2JkZDE?width=1260&amp;focuspoint=50%2C25&amp;cropresize=1&amp;client_id=bpeditorial&amp;sign=c3448604b9f43b2ad829e8e8a98a6961f02d43c95851634ea36aa51be2257289 1260w&quot;}\"\/>Apr\u00e8s quatre journ\u00e9es et deux buts inscrits sous les couleurs de l\u2019AS Nancy Lorraine, Brandon Bokangu s\u2019est engag\u00e9 avec En Avant Guingamp quelques minutes avant la fin du mercato. | PHOTOPQR\/L\u2019EST REPUBLICAIN\/MAXPPP<\/li>\n<\/ul>\n<p data-ofstats-scroll=\"read_depth_10\">C\u2019est devenu le dossier chaud de cette fin de mercato \u00e0 Guingamp. Depuis plusieurs semaines, le club cherchait un num\u00e9ro\u00a09 pour compenser le d\u00e9part de Louis Mafouta\u00a0(15\u00a0buts la saison derni\u00e8re), parti au Mans d\u00e9but juillet. <a href=\"https:\/\/www.ouest-france.fr\/sport\/football\/ea-guingamp\/ea-guingamp-rien-de-9-a-lhorizon-quattendre-de-cette-derniere-journee-mercato-pour-la-formation-bretonne-a7583e2e-a53c-11f1-8465-547a0964275c\" target=\"_self\" rel=\"nofollow noopener\">Ce mardi 1er\u00a0septembre, \u00e0 quelques heures de la fermeture du march\u00e9 des transferts<\/a>, la qu\u00eate a pris des allures de course contre-la-montre.<\/p>\n<p>Finalement, la direction guingampaise aura \u00e9t\u00e9 plus rapide que le chrono &#8211; \u00e0 trois minutes pr\u00e8s &#8211; <a href=\"https:\/\/www.ouest-france.fr\/sport\/football\/ea-guingamp\/mercato-ea-guingamp-sur-le-gong-en-avant-a-trouve-son-nouveau-numero-9-b6fac9a6-a61c-11f1-95a1-d7cb1b3759ac\" target=\"_self\" rel=\"nofollow noopener\">pour enregistrer la signature de Brandon Bokangu\u00a0(26\u00a0ans)<\/a> en provenance de l\u2019AS Nancy Lorraine. Auteur de deux buts en quatre matches de Ligue 2\u00a0cette saison, le Congolais a sign\u00e9 pour deux ans. Ce mardi&#8230;<\/p>\n<p style=\"text-align: center; background-color: #dbbe4d; padding-top: 5px; padding-bottom: 5px; font-size: 14px;\"><strong>D\u00e9j\u00e0 abonn\u00e9 ? <\/strong><a data-trkartmonet=\"Identification\" data-trk-sipa=\"{\" blockcategory=\"\" paywall=\"\" href=\"http:\/\/www.ouest-france.fr\/login?redirect=https:\/\/www.ouest-france.fr\/sport\/football\/ea-guingamp\/mercato-ea-guingamp-une-bonne-affaire-une-derniere-journee-bouillante-et-un-numero-9-trouve-in-extremis-a6b41092-a60e-11f1-95a1-d7cb1b3759ac\" rel=\"nofollow noopener\" title=\"Se connecter \u00e0 Ouest-France\" class=\"su-link-light\" target=\"_blank\">Connectez-vous<\/a><\/p>\n<p style=\"text-align: center; padding-top: 15px; padding-bottom: 8px; vertical-align: bottom;\">bloqu\u00e9<strong> Pour lire la suite, abonnez-vous<\/strong><\/p>\n<p style=\"text-align: center;\"><strong>1er mois \u00e0 1\u20ac<\/strong><\/p>\n<p style=\"text-align: center; margin-top: -5px;\">Annulable \u00e0 tout moment<\/p>\n<p style=\"text-align: center;\">\u00a0<\/p>\n<p style=\"text-align: center;\"><a data-ida=\"\" data-trkartmonet=\"Tunnel OF+\" data-trk-sipa=\"{&#010;\" blockcategory=\"\" paywall=\"\" :=\"\" m=\"\" of=\"\" class=\"su-button su-subscription\" data-trk-bloc=\"paywall\" href=\"https:\/\/abonnement.ouest-france.fr\/tunnel\/pack-essentiel-article\/122096117101?int_medium=lien&amp;int_campaign=PWFR0225-OF&amp;int_content=page-article-payant_boutonjaune-paywall&amp;marquesource=OF&amp;rt=https:\/\/www.ouest-france.fr\/sport\/football\/ea-guingamp\/mercato-ea-guingamp-une-bonne-affaire-une-derniere-journee-bouillante-et-un-numero-9-trouve-in-extremis-a6b41092-a60e-11f1-95a1-d7cb1b3759ac\" rel=\"nofollow noopener\" target=\"_blank\"><strong>Je m&rsquo;abonne<\/strong><\/a><\/p>\n<p style=\"text-align: center; padding-top: 10px; padding-bottom: 10px;\"><img decoding=\"async\" src=\"https:\/\/media.ouest-france.fr\/v1\/fonts\/be7723fcee3f1866f1ce99184077fc6f-carte-bancaire.svg?height=36\" alt=\"CB\"\/>\u00a0\u00a0<img decoding=\"async\" src=\"https:\/\/media.ouest-france.fr\/v1\/fonts\/1819d54c599d8afa64539cfba4ac9dde-rib.svg?height=36\" alt=\"RIB\"\/>\u00a0\u00a0<img decoding=\"async\" src=\"https:\/\/media.ouest-france.fr\/v1\/fonts\/065fc80d7b6a03d14a834c224ce723e1-paypal.svg?height=36\" alt=\"PAYPAL\"\/><\/p>\n","protected":false},"excerpt":{"rendered":"Article premium, R\u00e9serv\u00e9 aux\u00a0abonn\u00e9s Jusqu\u2019au bout du bout ce mardi 1er\u00a0septembre, la qu\u00eate d\u2019un num\u00e9ro\u00a09 pour En Avant&hellip;\n","protected":false},"author":2,"featured_media":1164459,"comment_status":"","ping_status":"","sticky":false,"template":"","format":"standard","meta":{"footnotes":"","_share_on_mastodon":"0"},"categories":[9635],"tags":[1111,11,11348,2171,19062,1777,674,63,1011,27,775,4044,1702,12,25,517,97298],"class_list":["post-1164458","post","type-post","status-publish","format-standard","has-post-thumbnail","category-nancy","tag-actu","tag-actualites","tag-as-nancy-lorraine","tag-cotes-darmor","tag-ea-guingamp","tag-eu","tag-europe","tag-football","tag-fr","tag-france","tag-grand-est","tag-guingamp","tag-nancy","tag-news","tag-republique-francaise","tag-sport","tag-transferts-mercato"],"share_on_mastodon":{"url":"https:\/\/pubeurope.com\/@fr\/117205565269711880","error":""},"_links":{"self":[{"href":"https:\/\/www.europesays.com\/fr\/wp-json\/wp\/v2\/posts\/1164458","targetHints":{"allow":["GET"]}}],"collection":[{"href":"https:\/\/www.europesays.com\/fr\/wp-json\/wp\/v2\/posts"}],"about":[{"href":"https:\/\/www.europesays.com\/fr\/wp-json\/wp\/v2\/types\/post"}],"author":[{"embeddable":true,"href":"https:\/\/www.europesays.com\/fr\/wp-json\/wp\/v2\/users\/2"}],"replies":[{"embeddable":true,"href":"https:\/\/www.europesays.com\/fr\/wp-json\/wp\/v2\/comments?post=1164458"}],"version-history":[{"count":0,"href":"https:\/\/www.europesays.com\/fr\/wp-json\/wp\/v2\/posts\/1164458\/revisions"}],"wp:featuredmedia":[{"embeddable":true,"href":"https:\/\/www.europesays.com\/fr\/wp-json\/wp\/v2\/media\/1164459"}],"wp:attachment":[{"href":"https:\/\/www.europesays.com\/fr\/wp-json\/wp\/v2\/media?parent=1164458"}],"wp:term":[{"taxonomy":"category","embeddable":true,"href":"https:\/\/www.europesays.com\/fr\/wp-json\/wp\/v2\/categories?post=1164458"},{"taxonomy":"post_tag","embeddable":true,"href":"https:\/\/www.europesays.com\/fr\/wp-json\/wp\/v2\/tags?post=1164458"}],"curies":[{"name":"wp","href":"https:\/\/api.w.org\/{rel}","templated":true}]}}